{"id":14025,"date":"2024-03-25T09:13:01","date_gmt":"2024-03-25T12:13:01","guid":{"rendered":"https:\/\/www.visionweb.com.ar\/?p=14025"},"modified":"2024-03-25T09:13:01","modified_gmt":"2024-03-25T12:13:01","slug":"provincia-comenzo-la-campana-de-vacunacion-antigripal","status":"publish","type":"post","link":"https:\/\/www.visionweb.com.ar\/?p=14025","title":{"rendered":"Provincia: Comenz\u00f3 la campa\u00f1a de vacunaci\u00f3n antigripal"},"content":{"rendered":"<p><strong><em>Se empez\u00f3 a aplicar de forma escalonada en todos los vacunatorios de cada municipio bonaerense. Se aplicar\u00e1n de manera gratuita y sin orden m\u00e9dica. Los primeros grupos ser\u00e1n personas mayores de 65 a\u00f1os, embarazadas y personal de salud.<\/em><\/strong><!--more--><\/p>\n<p><strong><img loading=\"lazy\" decoding=\"async\" class=\"size-full wp-image-6552 alignright\" src=\"https:\/\/www.visionweb.com.ar\/wp-content\/uploads\/2022\/07\/vacunas-4.bmp\" alt=\"\" width=\"633\" height=\"365\" \/>\u00a0\u00a0 E<\/strong>l <strong>Ministerio de Salud de la Provincia<\/strong> lanz\u00f3 la <strong>Campa\u00f1a Nacional de Vacunaci\u00f3n Antigripal 2024<\/strong>, destinada al personal de salud, ni\u00f1os de 6 a 24 meses, embarazadas y pu\u00e9rperas, personas de 2 a 64 a\u00f1os con factores de riesgo, mayores de 65 a\u00f1os y personal estrat\u00e9gico, con el objeto de reducir complicaciones, hospitalizaciones, muertes y secuelas ocasionadas por la infecci\u00f3n del virus influenza en la poblaci\u00f3n de riesgo.<\/p>\n<p>Est\u00e1 disponible en forma gratuita en todos los vacunatorios bonaerenses y no requiere orden m\u00e9dica.<\/p>\n<p>La vacuna antigripal tiene por objetivo reducir las complicaciones, hospitalizaciones, secuelas y muertes ocasionadas por la infecci\u00f3n por el virus influenza en la poblaci\u00f3n de riesgo, por lo cual, la estrategia de vacunaci\u00f3n en territorio bonaerense se lleva a cabo de manera escalonada, de acuerdo a la poblaci\u00f3n m\u00e1s expuesta.<\/p>\n<p>La gripe o influenza es una\u00a0<strong>enfermedad viral respiratoria que se presenta habitualmente en los meses m\u00e1s fr\u00edos del a\u00f1o<\/strong>, y la mayor\u00eda de las personas afectadas se recuperan sin necesidad de recibir tratamiento m\u00e9dico.<\/p>\n<p>Sin embargo,\u00a0<strong>los ni\u00f1os peque\u00f1os, adultos mayores, embarazadas o en per\u00edodo de puerperio<\/strong>, as\u00ed como personas con factores de riesgo, pueden presentar complicaciones graves de la enfermedad.<\/p>\n<p>El\u00a0<a href=\"https:\/\/www.argentina.gob.ar\/salud\/vacunas\">Calendario Nacional de Vacunaci\u00f3n<\/a>\u00a0incluye la vacuna antigripal anual para los grupos de riesgo y est\u00e1 disponible de manera gratuita en todos los\u00a0<a href=\"https:\/\/www.gba.gob.ar\/vacunacion\/\">vacunatorios de la Provincia<\/a>\u00a0de Buenos Aires.<\/p>\n<p>Es importante tener en cuenta que\u00a0<strong>la vacuna contra la influenza no contagia la enfermedad<\/strong>, dado que se fabrica con virus inactivados, y que\u00a0<strong>se puede aplicar junto con la de COVID-19<\/strong>, la de neumococo u otras del Calendario Nacional.<\/p>\n<p>Para la protecci\u00f3n contra la gripe,\u00a0<strong>es necesaria la aplicaci\u00f3n de una dosis cada a\u00f1o<\/strong>, para asegurar la inmunidad contra las variantes de virus influenza que circulan en cada temporada, destinada a los siguientes grupos:<\/p>\n<ul>\n<li>Personal de Salud<\/li>\n<li>Personas gestantes: una dosis en cualquier trimestre del embarazo.<\/li>\n<li>Personas pu\u00e9rperas: una dosis hasta 10 d\u00edas posteriores al parto en caso de no haberla recibido durante el embarazo (preferentemente antes del egreso de la maternidad).<\/li>\n<li>Ni\u00f1os y ni\u00f1as entre 6 meses y 2 a\u00f1os<\/li>\n<li>Personas de 2 a 64 a\u00f1os con factores de riesgo (no se requiere orden m\u00e9dica)<\/li>\n<li>Personas mayores de 65 a\u00f1os: una dosis anual.<\/li>\n<li>Personal estrat\u00e9gico.<\/li>\n<\/ul>\n<p>Mediante esta campa\u00f1a de vacunaci\u00f3n\u00a0<strong>se busca lograr coberturas mayores o iguales al 95%\u00a0<\/strong>en cada grupo de la poblaci\u00f3n en riesgo.<\/p>\n<p>Las\u00a0<strong>personas mayores de 65 y m\u00e1s a\u00f1os y las personas de 2 a 64 a\u00f1os con factores de riesgo, junto con el personal de salud, los ni\u00f1os y las ni\u00f1as de 6 a 24 meses, las personas gestantes<\/strong>, constituyen grupos identificados con riesgo para el desarrollo de formas graves de gripe, por lo que son poblaciones objetivo de la campa\u00f1a de vacunaci\u00f3n antigripal. Dichos grupos de riesgo <strong>no requieren orden m\u00e9dica para solicitar la aplicaci\u00f3n de la vacuna<\/strong>.<\/p>\n<p>En caso de\u00a0<strong>ni\u00f1os de 6 a 24 meses, corresponde la aplicaci\u00f3n de dos dosis separadas por un intervalo de 30 d\u00edas la primera vez que la reciben, y luego una dosis anual<\/strong>, y en el caso de las personas gestantes, se indica una dosis anual, en cualquier trimestre del embarazo o en el puerperio, hasta los 10 d\u00edas. <strong>(VW)<\/strong><\/p>\n","protected":false},"excerpt":{"rendered":"<p>Se empez\u00f3 a aplicar de forma escalonada en todos los vacunatorios de cada municipio bonaerense. Se aplicar\u00e1n de manera gratuita y sin orden m\u00e9dica. Los primeros grupos ser\u00e1n personas mayores de 65 a\u00f1os, embarazadas&#46;&#46;&#46;<\/p>\n","protected":false},"author":4,"featured_media":6552,"comment_status":"closed","ping_status":"closed","sticky":false,"template":"","format":"standard","meta":{"_monsterinsights_skip_tracking":false,"_monsterinsights_sitenote_active":false,"_monsterinsights_sitenote_note":"","_monsterinsights_sitenote_category":0,"footnotes":""},"categories":[8,5],"tags":[323,5870,5522],"class_list":["post-14025","post","type-post","status-publish","format-standard","has-post-thumbnail","hentry","category-interes-general","category-sociedad","tag-calendario","tag-campana-de-vacunacion-antigripal-2024","tag-ministerio-de-salud-provincia"],"_links":{"self":[{"href":"https:\/\/www.visionweb.com.ar\/index.php?rest_route=\/wp\/v2\/posts\/14025","targetHints":{"allow":["GET"]}}],"collection":[{"href":"https:\/\/www.visionweb.com.ar\/index.php?rest_route=\/wp\/v2\/posts"}],"about":[{"href":"https:\/\/www.visionweb.com.ar\/index.php?rest_route=\/wp\/v2\/types\/post"}],"author":[{"embeddable":true,"href":"https:\/\/www.visionweb.com.ar\/index.php?rest_route=\/wp\/v2\/users\/4"}],"replies":[{"embeddable":true,"href":"https:\/\/www.visionweb.com.ar\/index.php?rest_route=%2Fwp%2Fv2%2Fcomments&post=14025"}],"version-history":[{"count":1,"href":"https:\/\/www.visionweb.com.ar\/index.php?rest_route=\/wp\/v2\/posts\/14025\/revisions"}],"predecessor-version":[{"id":14026,"href":"https:\/\/www.visionweb.com.ar\/index.php?rest_route=\/wp\/v2\/posts\/14025\/revisions\/14026"}],"wp:featuredmedia":[{"embeddable":true,"href":"https:\/\/www.visionweb.com.ar\/index.php?rest_route=\/wp\/v2\/media\/6552"}],"wp:attachment":[{"href":"https:\/\/www.visionweb.com.ar\/index.php?rest_route=%2Fwp%2Fv2%2Fmedia&parent=14025"}],"wp:term":[{"taxonomy":"category","embeddable":true,"href":"https:\/\/www.visionweb.com.ar\/index.php?rest_route=%2Fwp%2Fv2%2Fcategories&post=14025"},{"taxonomy":"post_tag","embeddable":true,"href":"https:\/\/www.visionweb.com.ar\/index.php?rest_route=%2Fwp%2Fv2%2Ftags&post=14025"}],"curies":[{"name":"wp","href":"https:\/\/api.w.org\/{rel}","templated":true}]}}