{"id":14022,"date":"2024-03-25T08:48:47","date_gmt":"2024-03-25T11:48:47","guid":{"rendered":"https:\/\/www.visionweb.com.ar\/?p=14022"},"modified":"2024-03-25T08:48:47","modified_gmt":"2024-03-25T11:48:47","slug":"se-publico-hoy-el-decreto-que-modifica-la-movilidad-jubilatoria","status":"publish","type":"post","link":"https:\/\/www.visionweb.com.ar\/?p=14022","title":{"rendered":"Se public\u00f3 hoy el decreto que modifica la movilidad jubilatoria"},"content":{"rendered":"<p><strong>\u00a0<\/strong><em><strong>El Gobierno dispuso un incremento extraordinario del 12,5 por ciento para abril. En mayo y junio habr\u00e1\u00a0 actualizaciones, y desde julio la movilidad se regir\u00e1 por el IPC.<\/strong><\/em><!--more--><\/p>\n<p><strong> <img loading=\"lazy\" decoding=\"async\" class=\"size-medium wp-image-14023 alignright\" src=\"https:\/\/www.visionweb.com.ar\/wp-content\/uploads\/2024\/03\/jubilados-3-300x185.png\" alt=\"\" width=\"300\" height=\"185\" srcset=\"https:\/\/www.visionweb.com.ar\/wp-content\/uploads\/2024\/03\/jubilados-3-300x185.png 300w, https:\/\/www.visionweb.com.ar\/wp-content\/uploads\/2024\/03\/jubilados-3.png 487w\" sizes=\"auto, (max-width: 300px) 100vw, 300px\" \/> \u00a0E<\/strong>l <strong>Decreto de Necesidad y Urgencia (DNU) del Gobierno fue publicado esta ma\u00f1ana en el Bolet\u00edn Oficial, y de esta manera cambia la f\u00f3rmula de movilidad jubilatoria<\/strong>, estableciendo que desde julio los haberes se actualizar\u00e1n por inflaci\u00f3n (IPC).<\/p>\n<p>En la previa a esa actualizaci\u00f3n por inflaci\u00f3n, los jubilados percibir\u00e1n\u00a0<strong>adelantos a cuenta del cobro de junio<\/strong>, mientras que en abril se otorgar\u00e1 un incremento extraordinario del 12,5 por ciento.<\/p>\n<p>Los cambios en la movilidad jubilatoria quedaron oficializados a trav\u00e9s del\u00a0<a href=\"https:\/\/www.boletinoficial.gob.ar\/detalleAviso\/primera\/305089\/20240325\">Decreto 274\/2024<\/a>\u00a0publicado este lunes en el Bolet\u00edn Oficial.<\/p>\n<p>El Gobierno argument\u00f3 que <strong>la medida se toma \u201ccon el objeto de dar respuesta de forma r\u00e1pida<\/strong> y eficaz a la acuciante realidad que enfrentan los adultos mayores\u201d.<\/p>\n<p>El Estado \u201cha tomado la determinaci\u00f3n de modificar la actual f\u00f3rmula de movilidad a fin de garantizar que nunca m\u00e1s los haberes de los jubilados perder\u00e1n contra la inflaci\u00f3n\u201d.<\/p>\n<p>As\u00ed, el Ejecutivo consider\u00f3 que \u201ces necesario establecer una nueva pauta de movilidad basada en la actualizaci\u00f3n mensual de los haberes de acuerdo con las variaciones del Nivel General del \u00cdndice de Precios al Consumidor\u201d.<\/p>\n<p>El decreto estableci\u00f3 que las prestaciones se actualizar\u00e1n mensualmente por inflaci\u00f3n y determin\u00f3 que \u201cen ning\u00fan caso la aplicaci\u00f3n de dicho \u00edndice podr\u00e1 producir la disminuci\u00f3n del haber\u201d.<\/p>\n<p><strong>La entrada en vigencia de la nueva f\u00f3rmula \u201cse har\u00e1 efectiva a partir de las prestaciones previsionales correspondientes al mes de julio de 2024\u201d, es decir, con el \u00edndice (IPC) de mayo.<\/strong><\/p>\n<p>El Ejecutivo dispuso que \u201ca los fines de la transici\u00f3n, para la determinaci\u00f3n de la movilidad correspondiente al mes de junio de 2024, resultar\u00e1 aplicable la f\u00f3rmula vigente a la fecha de dictado del presente\u201d.<\/p>\n<p><strong>Los cambios desde abril:<\/strong><\/p>\n<p>La <strong>Administraci\u00f3n Nacional de la Seguridad Social (ANSES) otorgar\u00e1 en abril \u201cun incremento extraordinario equivalente al 12,5 %\u201d y adem\u00e1s \u201cun adelanto de la movilidad correspondiente al mes de junio de 2024\u201d.<\/strong><\/p>\n<p>A su vez, los\u00a0<strong>jubilados percibir\u00e1n \u201cen mayo de 2024, un adelanto de la movilidad correspondiente al mes de junio del mismo a\u00f1o<\/strong>\u201d, mientras que\u00a0<strong>cobrar\u00e1n \u201cen junio de 2024, un incremento<\/strong>, calculado conforme a la pauta fijada en el art\u00edculo 32 de la Ley N\u00b0 24.241\u201d. <strong>(VW)<\/strong><\/p>\n<p>&nbsp;<\/p>\n","protected":false},"excerpt":{"rendered":"<p>\u00a0El Gobierno dispuso un incremento extraordinario del 12,5 por ciento para abril. En mayo y junio habr\u00e1\u00a0 actualizaciones, y desde julio la movilidad se regir\u00e1 por el IPC.<\/p>\n","protected":false},"author":4,"featured_media":14023,"comment_status":"closed","ping_status":"closed","sticky":false,"template":"","format":"standard","meta":{"_monsterinsights_skip_tracking":false,"_monsterinsights_sitenote_active":false,"_monsterinsights_sitenote_note":"","_monsterinsights_sitenote_category":0,"footnotes":""},"categories":[6,4,5],"tags":[5866,5869,5868],"class_list":["post-14022","post","type-post","status-publish","format-standard","has-post-thumbnail","hentry","category-economia","category-politica","category-sociedad","tag-actualizacion-por-ipc","tag-dnu-274-2024","tag-dnu-jubilaciones"],"_links":{"self":[{"href":"https:\/\/www.visionweb.com.ar\/index.php?rest_route=\/wp\/v2\/posts\/14022","targetHints":{"allow":["GET"]}}],"collection":[{"href":"https:\/\/www.visionweb.com.ar\/index.php?rest_route=\/wp\/v2\/posts"}],"about":[{"href":"https:\/\/www.visionweb.com.ar\/index.php?rest_route=\/wp\/v2\/types\/post"}],"author":[{"embeddable":true,"href":"https:\/\/www.visionweb.com.ar\/index.php?rest_route=\/wp\/v2\/users\/4"}],"replies":[{"embeddable":true,"href":"https:\/\/www.visionweb.com.ar\/index.php?rest_route=%2Fwp%2Fv2%2Fcomments&post=14022"}],"version-history":[{"count":1,"href":"https:\/\/www.visionweb.com.ar\/index.php?rest_route=\/wp\/v2\/posts\/14022\/revisions"}],"predecessor-version":[{"id":14024,"href":"https:\/\/www.visionweb.com.ar\/index.php?rest_route=\/wp\/v2\/posts\/14022\/revisions\/14024"}],"wp:featuredmedia":[{"embeddable":true,"href":"https:\/\/www.visionweb.com.ar\/index.php?rest_route=\/wp\/v2\/media\/14023"}],"wp:attachment":[{"href":"https:\/\/www.visionweb.com.ar\/index.php?rest_route=%2Fwp%2Fv2%2Fmedia&parent=14022"}],"wp:term":[{"taxonomy":"category","embeddable":true,"href":"https:\/\/www.visionweb.com.ar\/index.php?rest_route=%2Fwp%2Fv2%2Fcategories&post=14022"},{"taxonomy":"post_tag","embeddable":true,"href":"https:\/\/www.visionweb.com.ar\/index.php?rest_route=%2Fwp%2Fv2%2Ftags&post=14022"}],"curies":[{"name":"wp","href":"https:\/\/api.w.org\/{rel}","templated":true}]}}