{"id":14016,"date":"2024-03-22T09:58:46","date_gmt":"2024-03-22T12:58:46","guid":{"rendered":"https:\/\/www.visionweb.com.ar\/?p=14016"},"modified":"2024-03-22T09:58:46","modified_gmt":"2024-03-22T12:58:46","slug":"el-gobierno-actualizara-las-jubilaciones-por-decreto","status":"publish","type":"post","link":"https:\/\/www.visionweb.com.ar\/?p=14016","title":{"rendered":"El gobierno actualizar\u00e1 las jubilaciones por decreto"},"content":{"rendered":"<p><em><strong>Sin aguardar a que se discuta en el Congreso de la Naci\u00f3n un proyecto de ley, el gobierno lo har\u00e1 por DNU. Se incrementar\u00e1 por el valor de IPC (inflaci\u00f3n) m\u00e1s una compensaci\u00f3n de entre 12 y 15% en abril. Desde mayo, ser\u00e1 solo inflaci\u00f3n. Implica una p\u00e9rdida para los jubilados y un techo para futuros aumentos.<\/strong><\/em><!--more--><\/p>\n<p><img loading=\"lazy\" decoding=\"async\" class=\"size-medium wp-image-12222 alignright\" src=\"https:\/\/www.visionweb.com.ar\/wp-content\/uploads\/2023\/10\/Milei-273x300.png\" alt=\"\" width=\"273\" height=\"300\" srcset=\"https:\/\/www.visionweb.com.ar\/wp-content\/uploads\/2023\/10\/Milei-273x300.png 273w, https:\/\/www.visionweb.com.ar\/wp-content\/uploads\/2023\/10\/Milei.png 409w\" sizes=\"auto, (max-width: 273px) 100vw, 273px\" \/>\u00a0 <strong>E<\/strong>l\u00a0<strong>Gobierno dispondr\u00e1 por decreto que las jubilaciones y pensiones se actualicen por inflaci\u00f3n a partir de abril,\u00a0<\/strong>de acuerdo a fuentes del sistema previsional, el Poder Ejecutivo determinar\u00e1 que en el pr\u00f3ximo mes los haberes se actualizar\u00e1n conforme al \u00cdndice de Precios al Consumidor (IPC), adem\u00e1s de disponer\u00a0<strong>un ajuste adicional de entre 12% y 14% para compensar parte del costo de vida registrado en enero.<\/strong><\/p>\n<p>De acuerdo a lo que el Ejecutivo hizo trascender a medios nacionales,\u00a0<strong>la nueva f\u00f3rmula aumentar\u00eda el equivalente al \u00cdndice de Precios al Consumidor (IPC, la inflaci\u00f3n que mide el Indec) en abril, a lo que se sumar\u00eda una compensaci\u00f3n de entre el 12 y el 15%<\/strong>\u00a0por la p\u00e9rdida de poder adquisitivo que experimentaron desde enero.<\/p>\n<p>Luego,<strong>\u00a0a partir de mayo, el Gobierno pretende que las jubilaciones se actualicen por el IPC mensual<\/strong>\u00a0y no por una combinaci\u00f3n del promedio de aumentos salariales con la recaudaci\u00f3n de la ANSES, como es ahora<\/p>\n<p>La utilizaci\u00f3n de la inflaci\u00f3n como criterio para actualizaci\u00f3n de las jubilaciones es eficaz cuando ese \u00edndice es alto y en general supera a los salarios, pero si baja le puede poner un techo a la recuperaci\u00f3n del poder de compra de los pasivos que es bajo desde hace d\u00e9cadas.<\/p>\n<p>De esta manera, el Gobierno\u00a0<strong>busca adelantarse a la discusi\u00f3n que pretende dar la oposici\u00f3n en el Congreso sobre la nueva f\u00f3rmula de actualizaci\u00f3n jubilatoria.<\/strong><\/p>\n<p><img loading=\"lazy\" decoding=\"async\" class=\"size-medium wp-image-14017 alignleft\" src=\"https:\/\/www.visionweb.com.ar\/wp-content\/uploads\/2024\/03\/jubilados-2-300x258.png\" alt=\"\" width=\"300\" height=\"258\" srcset=\"https:\/\/www.visionweb.com.ar\/wp-content\/uploads\/2024\/03\/jubilados-2-300x258.png 300w, https:\/\/www.visionweb.com.ar\/wp-content\/uploads\/2024\/03\/jubilados-2.png 466w\" sizes=\"auto, (max-width: 300px) 100vw, 300px\" \/>Inicialmente, la Casa Rosada ten\u00eda previsto que el tema se tratara como un cap\u00edtulo dentro de la nueva\u00a0<strong>ley de Bases,\u00a0<\/strong>cuyo tratamiento en la C\u00e1mara de Diputados estaba proyectado reci\u00e9n para mediados de abril.<\/p>\n<p>No obstante, el Ejecutivo decidi\u00f3 tomar la delantera y aplicar los cambios de forma unilateral mediante un decreto presidencial.<\/p>\n<p>El objetivo es que, a partir de abril,<strong>\u00a0los haberes previsionales comiencen a ajustarse mensualmente seg\u00fan la inflaci\u00f3n, medida a trav\u00e9s del IPC.<\/strong><\/p>\n<p>Adem\u00e1s de este ajuste autom\u00e1tico mes a mes, la medida se enmarca en la pretensi\u00f3n del Gobierno de que<strong>\u00a0las jubilaciones se actualicen conforme al IPC mensual, abandonando as\u00ed la anterior f\u00f3rmula de ajuste trimestral y semestral\u00a0<\/strong>que reg\u00eda hasta el momento.<\/p>\n<p>Al optar por el camino del decreto presidencial, el Ejecutivo evita tener que esperar los tiempos parlamentarios para implementar su nuevo esquema de actualizaci\u00f3n jubilatoria indexado a la inflaci\u00f3n. <strong>(VW)<\/strong><\/p>\n","protected":false},"excerpt":{"rendered":"<p>Sin aguardar a que se discuta en el Congreso de la Naci\u00f3n un proyecto de ley, el gobierno lo har\u00e1 por DNU. Se incrementar\u00e1 por el valor de IPC (inflaci\u00f3n) m\u00e1s una compensaci\u00f3n de&#46;&#46;&#46;<\/p>\n","protected":false},"author":4,"featured_media":14017,"comment_status":"closed","ping_status":"closed","sticky":false,"template":"","format":"standard","meta":{"_monsterinsights_skip_tracking":false,"_monsterinsights_sitenote_active":false,"_monsterinsights_sitenote_note":"","_monsterinsights_sitenote_category":0,"footnotes":""},"categories":[6,4,5],"tags":[5866,5865],"class_list":["post-14016","post","type-post","status-publish","format-standard","has-post-thumbnail","hentry","category-economia","category-politica","category-sociedad","tag-actualizacion-por-ipc","tag-dnu-milei-jubilaciones"],"_links":{"self":[{"href":"https:\/\/www.visionweb.com.ar\/index.php?rest_route=\/wp\/v2\/posts\/14016","targetHints":{"allow":["GET"]}}],"collection":[{"href":"https:\/\/www.visionweb.com.ar\/index.php?rest_route=\/wp\/v2\/posts"}],"about":[{"href":"https:\/\/www.visionweb.com.ar\/index.php?rest_route=\/wp\/v2\/types\/post"}],"author":[{"embeddable":true,"href":"https:\/\/www.visionweb.com.ar\/index.php?rest_route=\/wp\/v2\/users\/4"}],"replies":[{"embeddable":true,"href":"https:\/\/www.visionweb.com.ar\/index.php?rest_route=%2Fwp%2Fv2%2Fcomments&post=14016"}],"version-history":[{"count":1,"href":"https:\/\/www.visionweb.com.ar\/index.php?rest_route=\/wp\/v2\/posts\/14016\/revisions"}],"predecessor-version":[{"id":14018,"href":"https:\/\/www.visionweb.com.ar\/index.php?rest_route=\/wp\/v2\/posts\/14016\/revisions\/14018"}],"wp:featuredmedia":[{"embeddable":true,"href":"https:\/\/www.visionweb.com.ar\/index.php?rest_route=\/wp\/v2\/media\/14017"}],"wp:attachment":[{"href":"https:\/\/www.visionweb.com.ar\/index.php?rest_route=%2Fwp%2Fv2%2Fmedia&parent=14016"}],"wp:term":[{"taxonomy":"category","embeddable":true,"href":"https:\/\/www.visionweb.com.ar\/index.php?rest_route=%2Fwp%2Fv2%2Fcategories&post=14016"},{"taxonomy":"post_tag","embeddable":true,"href":"https:\/\/www.visionweb.com.ar\/index.php?rest_route=%2Fwp%2Fv2%2Ftags&post=14016"}],"curies":[{"name":"wp","href":"https:\/\/api.w.org\/{rel}","templated":true}]}}