{"id":14008,"date":"2024-03-22T08:52:29","date_gmt":"2024-03-22T11:52:29","guid":{"rendered":"https:\/\/www.visionweb.com.ar\/?p=14008"},"modified":"2024-03-22T10:31:46","modified_gmt":"2024-03-22T13:31:46","slug":"el-consejo-deliberante-de-lanus-aprobo-multar-a-edesur","status":"publish","type":"post","link":"https:\/\/www.visionweb.com.ar\/?p=14008","title":{"rendered":"El Concejo Deliberante de Lan\u00fas aprob\u00f3 multar a Edesur"},"content":{"rendered":"<p><em><strong>Adem\u00e1s se realiz\u00f3 una sesi\u00f3n especial para recordar el \u00abD\u00eda de la memoria, la verdad y la justicia\u00bb, con el emplazamiento de una placa recordatoria en el edificio legislativo.<\/strong><\/em> <!--more--><\/p>\n<div id=\"attachment_14009\" style=\"width: 310px\" class=\"wp-caption alignright\"><img loading=\"lazy\" decoding=\"async\" aria-describedby=\"caption-attachment-14009\" class=\"wp-image-14009 size-medium\" src=\"https:\/\/www.visionweb.com.ar\/wp-content\/uploads\/2024\/03\/CD-un-aspecto-de-la-sesion-300x169.png\" alt=\"\" width=\"300\" height=\"169\" srcset=\"https:\/\/www.visionweb.com.ar\/wp-content\/uploads\/2024\/03\/CD-un-aspecto-de-la-sesion-300x169.png 300w, https:\/\/www.visionweb.com.ar\/wp-content\/uploads\/2024\/03\/CD-un-aspecto-de-la-sesion.png 640w\" sizes=\"auto, (max-width: 300px) 100vw, 300px\" \/><p id=\"caption-attachment-14009\" class=\"wp-caption-text\"><em><strong>Un aspecto de la Segunda sesi\u00f3n ordeniaria del CD de Lan\u00fas( (Imagen: Gentileza Prensa CD) <\/strong><\/em><\/p><\/div>\n<p><strong>\u00a0 \u00a0C<\/strong>on la participaci\u00f3n de 22 concejales se realiz\u00f3 este jueves la segunda sesi\u00f3n ordinaria, en el Concejo Deliberante de Lan\u00fas, en la que se arob\u00f3 una bater\u00eda de resoluciones y ordenanzas entre las que se incluyeron la declaraci\u00f3n de la emergencia climatol\u00f3gica, por el temporals de los \u00faltimos d\u00edas y la eximici\u00f3n de\u00a0 tasas municipales a los comerciantes y empresas damnificadas del distrito.<\/p>\n<p>Asimismo, se sancion\u00f3 la Resoluci\u00f3n impulsada\u00a0 por el Departamento Ejecutivo para intimar al ENRE y la imposici\u00f3n\u00a0 de multas\u00a0 a Edesur\u00a0 debido a los reiterados cortes y las falencias observadas en la prestaci\u00f3n de los servicios el\u00e9ctricos en gran parte del distrito.<\/p>\n<p>El cuerpo deliberativo, adem\u00e1s, aprob\u00f3 por mayor\u00eda absoluta un ajuste en las escalas salariales de los trabajadores municipales y guardias m\u00e9dicas.<\/p>\n<p>Al t\u00e9rmino de la sesi\u00f3n, el Presidente del CD, Agust\u00edn Balladeres, al ser consultado sobre el efecto del temporal explic\u00f3 que fue \u00abuna iniciativa del Departamento Ejecutivo que permitir\u00e1 mitigar, un poco, el desastre que dej\u00f3 el temporal para todo el eslab\u00f3n productivo y comercial de nuestro distrito\u00bb.<\/p>\n<p>Es importante destacar que previo a la publicaci\u00f3n de la Resoluci\u00f3n hubo una reuni\u00f3n entre los presidentes de todos los bloques y los principales referentes de las entidades empresarias del Distrito, en la que se evalu\u00f3 el impacto de la contingencia clim\u00e1tica.<\/p>\n<p><strong>Sesi\u00f3n especial<\/strong><\/p>\n<p><img loading=\"lazy\" decoding=\"async\" class=\"size-medium wp-image-14010 alignleft\" src=\"https:\/\/www.visionweb.com.ar\/wp-content\/uploads\/2024\/03\/El-arbol-de-la-Memoria-300x169.png\" alt=\"\" width=\"300\" height=\"169\" srcset=\"https:\/\/www.visionweb.com.ar\/wp-content\/uploads\/2024\/03\/El-arbol-de-la-Memoria-300x169.png 300w, https:\/\/www.visionweb.com.ar\/wp-content\/uploads\/2024\/03\/El-arbol-de-la-Memoria.png 640w\" sizes=\"auto, (max-width: 300px) 100vw, 300px\" \/>Una vez finalizada la sesi\u00f3n Ordinaria, se realiz\u00f3 una Sesi\u00f3n Especial, para recordar el D\u00eda Nacional por la Memoria, la Verdad y la Justicia que se conmemorar\u00e1 el pr\u00f3ximo domingo 24 de marzo a 48 a\u00f1os del golpe de estado impulsado por la dictadura militar que encabez\u00f3 Jorge Rafael Videla, para dar origen a una de las p\u00e1ginas m\u00e1s oscura de la historia argentina contempor\u00e1nea.<\/p>\n<p>En esa sesi\u00f3n, los concejales aprobaron la declaraci\u00f3n de inter\u00e9s del \u00abMapa de la memoria de Lan\u00fas y el emplazan\u00a1miento de una placa recordatoria en el frente de la sede legislativa donada por la Universidad Nacional de Lan\u00fas. El acto concluy\u00f3 el plantado de un \u00e1rbol en el jard\u00edn del Concejo Deliberante, en el marco del D\u00eda de la Memoria<strong>(VW)<\/strong>.<\/p>\n","protected":false},"excerpt":{"rendered":"<p>Adem\u00e1s se realiz\u00f3 una sesi\u00f3n especial para recordar el \u00abD\u00eda de la memoria, la verdad y la justicia\u00bb, con el emplazamiento de una placa recordatoria en el edificio legislativo.<\/p>\n","protected":false},"author":3,"featured_media":14009,"comment_status":"closed","ping_status":"closed","sticky":false,"template":"","format":"standard","meta":{"_monsterinsights_skip_tracking":false,"_monsterinsights_sitenote_active":false,"_monsterinsights_sitenote_note":"","_monsterinsights_sitenote_category":0,"footnotes":""},"categories":[4],"tags":[5864,4183,276,3895,2039],"class_list":["post-14008","post","type-post","status-publish","format-standard","has-post-thumbnail","hentry","category-politica","tag-arbol","tag-cd","tag-edesur","tag-memoria","tag-sesion"],"_links":{"self":[{"href":"https:\/\/www.visionweb.com.ar\/index.php?rest_route=\/wp\/v2\/posts\/14008","targetHints":{"allow":["GET"]}}],"collection":[{"href":"https:\/\/www.visionweb.com.ar\/index.php?rest_route=\/wp\/v2\/posts"}],"about":[{"href":"https:\/\/www.visionweb.com.ar\/index.php?rest_route=\/wp\/v2\/types\/post"}],"author":[{"embeddable":true,"href":"https:\/\/www.visionweb.com.ar\/index.php?rest_route=\/wp\/v2\/users\/3"}],"replies":[{"embeddable":true,"href":"https:\/\/www.visionweb.com.ar\/index.php?rest_route=%2Fwp%2Fv2%2Fcomments&post=14008"}],"version-history":[{"count":4,"href":"https:\/\/www.visionweb.com.ar\/index.php?rest_route=\/wp\/v2\/posts\/14008\/revisions"}],"predecessor-version":[{"id":14021,"href":"https:\/\/www.visionweb.com.ar\/index.php?rest_route=\/wp\/v2\/posts\/14008\/revisions\/14021"}],"wp:featuredmedia":[{"embeddable":true,"href":"https:\/\/www.visionweb.com.ar\/index.php?rest_route=\/wp\/v2\/media\/14009"}],"wp:attachment":[{"href":"https:\/\/www.visionweb.com.ar\/index.php?rest_route=%2Fwp%2Fv2%2Fmedia&parent=14008"}],"wp:term":[{"taxonomy":"category","embeddable":true,"href":"https:\/\/www.visionweb.com.ar\/index.php?rest_route=%2Fwp%2Fv2%2Fcategories&post=14008"},{"taxonomy":"post_tag","embeddable":true,"href":"https:\/\/www.visionweb.com.ar\/index.php?rest_route=%2Fwp%2Fv2%2Ftags&post=14008"}],"curies":[{"name":"wp","href":"https:\/\/api.w.org\/{rel}","templated":true}]}}