{"id":14003,"date":"2024-03-21T11:09:44","date_gmt":"2024-03-21T14:09:44","guid":{"rendered":"https:\/\/www.visionweb.com.ar\/?p=14003"},"modified":"2024-03-21T11:09:44","modified_gmt":"2024-03-21T14:09:44","slug":"conurbano-sur-diputados-aprobo-la-ley-para-evitar-inundaciones","status":"publish","type":"post","link":"https:\/\/www.visionweb.com.ar\/?p=14003","title":{"rendered":"Conurbano sur: Diputados aprob\u00f3 la ley para evitar inundaciones"},"content":{"rendered":"<p><em><strong>La c\u00e1mara de Diputados bonaerense aprob\u00f3 la creaci\u00f3n del Comit\u00e9 de la Cuenca H\u00eddrica Arroyo San Francisco-Las Piedras, con modificaciones solicitadas por Juntos.<\/strong><\/em><!--more--><\/p>\n<div id=\"attachment_14004\" style=\"width: 310px\" class=\"wp-caption alignright\"><img loading=\"lazy\" decoding=\"async\" aria-describedby=\"caption-attachment-14004\" class=\"wp-image-14004 size-medium\" src=\"https:\/\/www.visionweb.com.ar\/wp-content\/uploads\/2024\/03\/Cuenca-hidrica-arroyo-san-Francisco-300x126.png\" alt=\"\" width=\"300\" height=\"126\" srcset=\"https:\/\/www.visionweb.com.ar\/wp-content\/uploads\/2024\/03\/Cuenca-hidrica-arroyo-san-Francisco-300x126.png 300w, https:\/\/www.visionweb.com.ar\/wp-content\/uploads\/2024\/03\/Cuenca-hidrica-arroyo-san-Francisco.png 560w\" sizes=\"auto, (max-width: 300px) 100vw, 300px\" \/><p id=\"caption-attachment-14004\" class=\"wp-caption-text\">Foto: Diputados bonaerenses<\/p><\/div>\n<p><strong>L<\/strong>a\u00a0<strong>C\u00e1mara de Diputados bonaerense\u00a0<\/strong>aprob\u00f3, durante la sesi\u00f3n ordinaria del mi\u00e9rcoles 20, la creaci\u00f3n del\u00a0<strong>Comit\u00e9 de la Cuenca H\u00eddrica Arroyo San Francisco\u2013Las Piedras<\/strong>, un instrumento jur\u00eddico para conseguir financiamiento en organismos internacionales con el fin encarar obras que eviten <strong>las recurrentes inundaciones que sufre el\u00a0sur del Conurbano<\/strong>.<\/p>\n<p>Cabe remarcar que, el proyecto que obtuvo medida sanci\u00f3n ayer mi\u00e9rcoles\u00a0prev\u00e9 la<strong>\u00a0creaci\u00f3n del Comit\u00e9 de la\u00a0Cuenca H\u00eddrica Arroyo San Francisco\u2013Las Piedras<\/strong>, con la intenci\u00f3n de solventar la realizaci\u00f3n de\u00a0<strong>obras pluviales<\/strong>\u00a0en el sur del\u00a0<strong>Conurbano bonaerense<\/strong>.<\/p>\n<p>En rigor, los\u00a0<strong>Arroyos San Francisco, Las Piedras y Santo Domingo<\/strong>\u00a0conforman el drenaje natural de un \u00e1rea de aproximadamente 178Km\u00b2 en los partidos de\u00a0<strong>Presidente Per\u00f3n<\/strong>,\u00a0<strong>Almirante Brown<\/strong>,\u00a0<strong>Florencio Varela<\/strong>,\u00a0<strong>Quilmes\u00a0<\/strong>y\u00a0<strong>Avellaneda<\/strong>. La poblaci\u00f3n total involucrada en los partidos mencionados se aproxima 1.100.000, seg\u00fan datos obtenidos del Censo 2020.<\/p>\n<p>De acuerdo al articulado, el\u00a0<strong>Comit\u00e9 de Cuenca H\u00eddrica Arroyo San Francisco \u2013 Las Piedras<\/strong>, tiene por objeto \u201cprestar servicios y realizar acciones conducentes a la gesti\u00f3n integral, mantenimiento y preservaci\u00f3n del recurso h\u00eddrico y a gestionar el mismo de manera integral y sustentable\u201d.<\/p>\n<p>Durante el an\u00e1lisis pormenorizado de cada uno de los puntos del proyecto de ley que busca<strong>\u00a0prevenir inundaciones<\/strong>, el oficialismo incorpor\u00f3 modificaciones en su art\u00edculo 5\u00b0 para que el directorio del\u00a0<strong>comit\u00e9 h\u00eddrico<\/strong>\u00a0este integrado por tres representantes del Poder Ejecutivo, dos del Ministerio de Ambiente y uno de la cartera de Infraestructura, y cuatro propuestos por los municipios con injerencia en la cuenca (<strong>Per\u00f3n<\/strong>,\u00a0<strong>Almirante Brown<\/strong>,\u00a0<strong>Florencio Varela<\/strong>,\u00a0<strong>Quilmes\u00a0<\/strong>y\u00a0<strong>Avellaneda<\/strong>).<\/p>\n<p><strong>C\u00f3mo fue la sesi\u00f3n:<\/strong><\/p>\n<p>Los\u00a0<strong>diputados bonaerenses\u00a0<\/strong>sumaron al\u00a0<strong>proyecto impulsado por el ex legislador de Uni\u00f3n por la Patria y actual intendente de Almirante Brown<\/strong>,\u00a0<strong>Mariano Cascallares<\/strong>, los cambios pedidos por la oposici\u00f3n, tales como establecer el tope para que el 80% de los\u00a0<strong>gastos del nuevo comit\u00e9 h\u00eddrico vayan directamente a las obras y no puedan tener otro destino<\/strong>.<\/p>\n<p>En detalle,\u00a0<strong>Uni\u00f3n por la Patria acord\u00f3 con el interbloque Juntos<\/strong>\u00a0los planteos efectuados en el dictamen de minor\u00eda, el cual pide que las expropiaciones pasen por la comisi\u00f3n\u00a0<strong>Bicameral\u00a0<\/strong>y salir por ley, y que\u00a0<strong>los cargos del directorio sean ad honorem<\/strong>\u00a0con el objetivo de resguardar las arcas provinciales. Sin embargo, la oposici\u00f3n no logr\u00f3 incorporar un integrante en el directorio.<\/p>\n<p>Con relaci\u00f3n a esto, la\u00a0<strong>diputada del bloque UCR + Cambio Federal<\/strong>,\u00a0<strong>Silvina Vaccarezza<\/strong>, valor\u00f3 el di\u00e1logo con el oficialismo y precis\u00f3 las modificaciones que fueron tenidos en cuenta. \u201cQue el\u00a0<strong>directorio sea ad honorem<\/strong>; que el\u00a0<strong>comit\u00e9 elabore el plan de expropiaci\u00f3n lo remite a la Bicameral y sea tratado en la Legislatura bonaerense para su aprobaci\u00f3n<\/strong>; un<strong>\u00a0l\u00edmite al presupuesto\u00a0<\/strong>del 20% a la funci\u00f3n estructural y un 80% para obras; y la\u00a0<strong>creaci\u00f3n la Bicameral de control y seguimiento de tres cuencas<\/strong>: San Francisco- Las Piedras, R\u00edo Reconquista y R\u00edo Luj\u00e1n\u201d, enumer\u00f3.<\/p>\n<p>\u201c<strong>La urbanizaci\u00f3n, la productividad, la econom\u00eda y el problema ambiental que esta zona ha tenido en los \u00faltimos a\u00f1os generaron un problema de gran envergadura<\/strong>. Con esta ley, vamos a ubicar como pol\u00edtica de Estado una soluci\u00f3n estructural, es decir, darle un marco jur\u00eddico que tenga el poder de polic\u00eda para controlar las obras que se van a hacer\u201d, puntualiz\u00f3\u00a0<strong>Vaccarezza<\/strong>. <strong>(VW)<\/strong><\/p>\n","protected":false},"excerpt":{"rendered":"<p>La c\u00e1mara de Diputados bonaerense aprob\u00f3 la creaci\u00f3n del Comit\u00e9 de la Cuenca H\u00eddrica Arroyo San Francisco-Las Piedras, con modificaciones solicitadas por Juntos.<\/p>\n","protected":false},"author":4,"featured_media":14004,"comment_status":"closed","ping_status":"closed","sticky":false,"template":"","format":"standard","meta":{"_monsterinsights_skip_tracking":false,"_monsterinsights_sitenote_active":false,"_monsterinsights_sitenote_note":"","_monsterinsights_sitenote_category":0,"footnotes":""},"categories":[8,4],"tags":[5860,5861,2301,5859],"class_list":["post-14003","post","type-post","status-publish","format-standard","has-post-thumbnail","hentry","category-interes-general","category-politica","tag-aprobo-ley-prevencion-de-inundaciones","tag-conurbano-sur","tag-diputados-bonaerenses","tag-omite-de-cuenca-hidrica-arroyo-san-francisco-las-piedras"],"_links":{"self":[{"href":"https:\/\/www.visionweb.com.ar\/index.php?rest_route=\/wp\/v2\/posts\/14003","targetHints":{"allow":["GET"]}}],"collection":[{"href":"https:\/\/www.visionweb.com.ar\/index.php?rest_route=\/wp\/v2\/posts"}],"about":[{"href":"https:\/\/www.visionweb.com.ar\/index.php?rest_route=\/wp\/v2\/types\/post"}],"author":[{"embeddable":true,"href":"https:\/\/www.visionweb.com.ar\/index.php?rest_route=\/wp\/v2\/users\/4"}],"replies":[{"embeddable":true,"href":"https:\/\/www.visionweb.com.ar\/index.php?rest_route=%2Fwp%2Fv2%2Fcomments&post=14003"}],"version-history":[{"count":1,"href":"https:\/\/www.visionweb.com.ar\/index.php?rest_route=\/wp\/v2\/posts\/14003\/revisions"}],"predecessor-version":[{"id":14005,"href":"https:\/\/www.visionweb.com.ar\/index.php?rest_route=\/wp\/v2\/posts\/14003\/revisions\/14005"}],"wp:featuredmedia":[{"embeddable":true,"href":"https:\/\/www.visionweb.com.ar\/index.php?rest_route=\/wp\/v2\/media\/14004"}],"wp:attachment":[{"href":"https:\/\/www.visionweb.com.ar\/index.php?rest_route=%2Fwp%2Fv2%2Fmedia&parent=14003"}],"wp:term":[{"taxonomy":"category","embeddable":true,"href":"https:\/\/www.visionweb.com.ar\/index.php?rest_route=%2Fwp%2Fv2%2Fcategories&post=14003"},{"taxonomy":"post_tag","embeddable":true,"href":"https:\/\/www.visionweb.com.ar\/index.php?rest_route=%2Fwp%2Fv2%2Ftags&post=14003"}],"curies":[{"name":"wp","href":"https:\/\/api.w.org\/{rel}","templated":true}]}}