{"id":13988,"date":"2024-03-21T08:22:56","date_gmt":"2024-03-21T11:22:56","guid":{"rendered":"https:\/\/www.visionweb.com.ar\/?p=13988"},"modified":"2024-03-21T08:24:17","modified_gmt":"2024-03-21T11:24:17","slug":"la-industria-pyme-cayo-99-anual-en-febrero","status":"publish","type":"post","link":"https:\/\/www.visionweb.com.ar\/?p=13988","title":{"rendered":"La industria pyme cay\u00f3 9,9% anual en febrero"},"content":{"rendered":"<p><em><strong>Crece la incertidumbre por el impacto que pudiera tener la apertura de importaciones en algunos sectores.<\/strong><\/em><!--more--><\/p>\n<p><img loading=\"lazy\" decoding=\"async\" class=\"size-medium wp-image-7939 alignright\" src=\"https:\/\/www.visionweb.com.ar\/wp-content\/uploads\/2022\/10\/INDUSTRIAS-PYMES-300x168.png\" alt=\"\" width=\"300\" height=\"168\" srcset=\"https:\/\/www.visionweb.com.ar\/wp-content\/uploads\/2022\/10\/INDUSTRIAS-PYMES-300x168.png 300w, https:\/\/www.visionweb.com.ar\/wp-content\/uploads\/2022\/10\/INDUSTRIAS-PYMES.png 640w\" sizes=\"auto, (max-width: 300px) 100vw, 300px\" \/>La industria manufacturera pyme se retrajo 9,9% en febrero frente al mismo mes del a\u00f1o pasado, a precios constantes. Es el tercer mes consecutivo en que la actividad fabril cae, aunque aminor\u00f3 la tasa luego de haberse retra\u00eddo entre 27% y 30% en diciembre y enero, respectivamente.<\/p>\n<p>En la comparaci\u00f3n mensual, desestacionalizada, tambi\u00e9n se registr\u00f3 un descenso de 7,7% y en el acumulado del a\u00f1o la actividad cae 21,7%, de acuerdo con el IPIP que elabora Came..<\/p>\n<p>Las empresas operaron en febrero con 70,9% de su capacidad instalada, manteniendo los niveles de enero (70,8%). Si bien 32,7% de las industrias siguen reportando problemas para la reposici\u00f3n de stock, son dificultades de mucha menor escala que meses anteriores.<\/p>\n<p><img loading=\"lazy\" decoding=\"async\" class=\"size-medium wp-image-13989 alignleft\" src=\"https:\/\/www.visionweb.com.ar\/wp-content\/uploads\/2024\/03\/CAIDA-DE-LA-PRODUCCION-300x183.png\" alt=\"\" width=\"300\" height=\"183\" srcset=\"https:\/\/www.visionweb.com.ar\/wp-content\/uploads\/2024\/03\/CAIDA-DE-LA-PRODUCCION-300x183.png 300w, https:\/\/www.visionweb.com.ar\/wp-content\/uploads\/2024\/03\/CAIDA-DE-LA-PRODUCCION.png 640w\" sizes=\"auto, (max-width: 300px) 100vw, 300px\" \/>Lo que m\u00e1s preocup\u00f3 en febrero fueron las subas de costos, especialmente en servicios y combustibles. Las industrias consultadas manifestaron las dificultades que conlleva trasladar a precios esos incrementos en el contexto actual. A su vez, hay incertidumbre por el impacto que pudiera tener la apertura de importaciones en algunos sectores.<\/p>\n<p>Estos resultados surgen del \u00cdndice de Producci\u00f3n Industrial Pyme (IPIP) que elabora CAME, con una muestra que alcanz\u00f3 a 413 industrias pymes a nivel federal.<\/p>\n<p>Cinco de los seis sectores manufactureros del segmento pyme relevados tuvieron ca\u00eddas en la comparaci\u00f3n anual, pero los m\u00e1s afectados fueron \u201cPapel e Impresiones\u201d (-24,6%) y \u201cQu\u00edmicos y Pl\u00e1sticos\u201d (-23,1%).<\/p>\n<p><strong>En el rubro de alimentos y bebidas<\/strong> registr\u00f3 una ca\u00edda de 0,3% anual a precios constantes en febrero y de 1,1% en la comparaci\u00f3n intermensual. En los primeros dos meses del a\u00f1o acumula una baja de 14,6% anual. Las industrias operaron con 71,9% de su capacidad instalada.<\/p>\n<p>En febrero continuaron las subas de precios en los insumos del sector, pero al mismo tiempo se normalizaron las entregas frente a una coyuntura econ\u00f3mica algo m\u00e1s predecible.<\/p>\n<p>En cambio el sector de indumentaria y textil, mostr\u00f3 un crecimiento de 10,5% anual en febrero, aunque registr\u00f3 una ca\u00edda de 2,4% frente a enero.\u00a0En los primeros dos meses del a\u00f1o acumula una baja de 1,3% anual.<\/p>\n<p>Las industrias operaron con 72,6% de su capacidad instalada, 4,4 puntos por encima del mes pasado, lo que refleja el repunte en la producci\u00f3n. El inicio del ciclo lectivo y de actividades deportivas levant\u00f3 la demanda de las pymes orientadas a este segmento, que hab\u00edan tenido un enero de muy poca demanda.<\/p>\n<p>Para el rubro <strong>de maderas y muebles<\/strong>, en febrero el sector se retrajo 10% anual a precios constantes y 3% en la comparaci\u00f3n intermensual.<\/p>\n<p>Para los primeros dos meses del a\u00f1o acumula una baja interanual de 24,6%. Las industrias operaron con s\u00f3lo 70,2% de su capacidad instalada, 0,2 puntos por debajo de enero.<\/p>\n<p>Las empresas vinculadas al sector de la obra p\u00fablica son las que atraviesan la situaci\u00f3n m\u00e1s dif\u00edcil por la par\u00e1lisis de esa actividad.<\/p>\n<p>A su vez, en el sector se\u00f1alan que los proyectos que se activan son de peque\u00f1o porte y que hay problemas para conseguir insumos. Las compa\u00f1\u00edas orientadas a la fabricaci\u00f3n de muebles se\u00f1alan que el aumento que tuvo el precio de la madera hace inviables los presupuestos que se pasan. <strong>(VW).<\/strong><\/p>\n<p>&nbsp;<\/p>\n<div class=\"image large\"><\/div>\n","protected":false},"excerpt":{"rendered":"<p>Crece la incertidumbre por el impacto que pudiera tener la apertura de importaciones en algunos sectores.<\/p>\n","protected":false},"author":3,"featured_media":7939,"comment_status":"closed","ping_status":"closed","sticky":false,"template":"","format":"standard","meta":{"_monsterinsights_skip_tracking":false,"_monsterinsights_sitenote_active":false,"_monsterinsights_sitenote_note":"","_monsterinsights_sitenote_category":0,"footnotes":""},"categories":[749],"tags":[5851,5406,5852,33],"class_list":["post-13988","post","type-post","status-publish","format-standard","has-post-thumbnail","hentry","category-pymes","tag-capacidad","tag-instalada","tag-operatoria","tag-produccion"],"_links":{"self":[{"href":"https:\/\/www.visionweb.com.ar\/index.php?rest_route=\/wp\/v2\/posts\/13988","targetHints":{"allow":["GET"]}}],"collection":[{"href":"https:\/\/www.visionweb.com.ar\/index.php?rest_route=\/wp\/v2\/posts"}],"about":[{"href":"https:\/\/www.visionweb.com.ar\/index.php?rest_route=\/wp\/v2\/types\/post"}],"author":[{"embeddable":true,"href":"https:\/\/www.visionweb.com.ar\/index.php?rest_route=\/wp\/v2\/users\/3"}],"replies":[{"embeddable":true,"href":"https:\/\/www.visionweb.com.ar\/index.php?rest_route=%2Fwp%2Fv2%2Fcomments&post=13988"}],"version-history":[{"count":3,"href":"https:\/\/www.visionweb.com.ar\/index.php?rest_route=\/wp\/v2\/posts\/13988\/revisions"}],"predecessor-version":[{"id":13992,"href":"https:\/\/www.visionweb.com.ar\/index.php?rest_route=\/wp\/v2\/posts\/13988\/revisions\/13992"}],"wp:featuredmedia":[{"embeddable":true,"href":"https:\/\/www.visionweb.com.ar\/index.php?rest_route=\/wp\/v2\/media\/7939"}],"wp:attachment":[{"href":"https:\/\/www.visionweb.com.ar\/index.php?rest_route=%2Fwp%2Fv2%2Fmedia&parent=13988"}],"wp:term":[{"taxonomy":"category","embeddable":true,"href":"https:\/\/www.visionweb.com.ar\/index.php?rest_route=%2Fwp%2Fv2%2Fcategories&post=13988"},{"taxonomy":"post_tag","embeddable":true,"href":"https:\/\/www.visionweb.com.ar\/index.php?rest_route=%2Fwp%2Fv2%2Ftags&post=13988"}],"curies":[{"name":"wp","href":"https:\/\/api.w.org\/{rel}","templated":true}]}}