{"id":13983,"date":"2024-03-20T11:51:32","date_gmt":"2024-03-20T14:51:32","guid":{"rendered":"https:\/\/www.visionweb.com.ar\/?p=13983"},"modified":"2024-03-20T11:52:20","modified_gmt":"2024-03-20T14:52:20","slug":"recomendaciones-frente-a-una-tormenta-fuerte","status":"publish","type":"post","link":"https:\/\/www.visionweb.com.ar\/?p=13983","title":{"rendered":"Recomendaciones frente a una tormenta fuerte"},"content":{"rendered":"<p><em><strong>El gobierno de la provincia de Buenos Aires inform\u00f3 que los equipos de emergencia regionales trabajan para asistir a los damnificados. \u00bfQu\u00e9 hacer frente a una tormenta?<\/strong><\/em><!--more--><\/p>\n<p><img loading=\"lazy\" decoding=\"async\" class=\"size-medium wp-image-13512 alignright\" src=\"https:\/\/www.visionweb.com.ar\/wp-content\/uploads\/2024\/02\/alerta-tormentas-300x232.png\" alt=\"\" width=\"300\" height=\"232\" srcset=\"https:\/\/www.visionweb.com.ar\/wp-content\/uploads\/2024\/02\/alerta-tormentas-300x232.png 300w, https:\/\/www.visionweb.com.ar\/wp-content\/uploads\/2024\/02\/alerta-tormentas.png 333w\" sizes=\"auto, (max-width: 300px) 100vw, 300px\" \/>El gobierno bonaerense dio a concer una serie de recomendaciones para tener en cuenta frente a los episodios de tormentas fuertes esperadas para las pr\u00f3ximas horas en la zona AMBA.<\/p>\n<p>\u201cFrente a la fuerte tormenta transcurrida en diferentes puntos de nuestra provincia de Buenos Aires, los\u00a0<strong>equipos de emergencia regionales se encuentran trabajando en articulaci\u00f3n y di\u00e1logo con cada uno de los municipios afectados para atender la urgencia y la contingencia<\/strong>\u201c, remarc\u00f3 el ministro Nicol\u00e1s Kreplak.<\/p>\n<p>Rige un alerta naranja y amarillo por\u00a0<strong>tormentas severas y fuertes vientos<\/strong>\u00a0en el \u00c1rea Metropolitana de Buenos Aires.<\/p>\n<p>El\u00a0<a href=\"https:\/\/www.smn.gob.ar\/\">Servicio Meteorol\u00f3gico Nacional<\/a>\u00a0<strong>elev\u00f3 a naranja el alerta<\/strong>\u00a0para esta ma\u00f1ana y la tarde, y difundi\u00f3 una serie de recomendaciones.<\/p>\n<p><strong>1- Permanec\u00e9 en construcciones cerradas como casas, escuelas o edificios.<\/strong><\/p>\n<p><strong>2- Mantenete alejado de artefactos el\u00e9ctricos y evit\u00e1 el uso de tel\u00e9fonos con cable.<\/strong><\/p>\n<p><strong>3-Si est\u00e1s viajando, quedate en el interior del veh\u00edculo. Los autom\u00f3viles ofrecen una excelente protecci\u00f3n.<\/strong><\/p>\n<p><strong>4- Evit\u00e1 circular por calles inundadas o afectadas.<\/strong><\/p>\n<p><strong>5- Si hay riesgo de que el agua ingrese en tu casa, cort\u00e1 el suministro el\u00e9ctrico.<\/strong><\/p>\n<p><strong>6- En caso de que vos o alguien m\u00e1s se vea afectado por este fen\u00f3meno, comunicate con los organismos de emergencias locales. Ten\u00e9 siempre lista una mochila de emergencias<\/strong><br \/>\n<strong>con linterna, radio, documentos y tel\u00e9fono.(VW)<\/strong><\/p>\n","protected":false},"excerpt":{"rendered":"<p>El gobierno de la provincia de Buenos Aires inform\u00f3 que los equipos de emergencia regionales trabajan para asistir a los damnificados. \u00bfQu\u00e9 hacer frente a una tormenta?<\/p>\n","protected":false},"author":3,"featured_media":13512,"comment_status":"closed","ping_status":"closed","sticky":false,"template":"","format":"standard","meta":{"_monsterinsights_skip_tracking":false,"_monsterinsights_sitenote_active":false,"_monsterinsights_sitenote_note":"","_monsterinsights_sitenote_category":0,"footnotes":""},"categories":[3],"tags":[3910,5849,1640,5400],"class_list":["post-13983","post","type-post","status-publish","format-standard","has-post-thumbnail","hentry","category-actualidad","tag-cuidados","tag-defensa-civill","tag-recomendaciones","tag-tormentas"],"_links":{"self":[{"href":"https:\/\/www.visionweb.com.ar\/index.php?rest_route=\/wp\/v2\/posts\/13983","targetHints":{"allow":["GET"]}}],"collection":[{"href":"https:\/\/www.visionweb.com.ar\/index.php?rest_route=\/wp\/v2\/posts"}],"about":[{"href":"https:\/\/www.visionweb.com.ar\/index.php?rest_route=\/wp\/v2\/types\/post"}],"author":[{"embeddable":true,"href":"https:\/\/www.visionweb.com.ar\/index.php?rest_route=\/wp\/v2\/users\/3"}],"replies":[{"embeddable":true,"href":"https:\/\/www.visionweb.com.ar\/index.php?rest_route=%2Fwp%2Fv2%2Fcomments&post=13983"}],"version-history":[{"count":2,"href":"https:\/\/www.visionweb.com.ar\/index.php?rest_route=\/wp\/v2\/posts\/13983\/revisions"}],"predecessor-version":[{"id":13985,"href":"https:\/\/www.visionweb.com.ar\/index.php?rest_route=\/wp\/v2\/posts\/13983\/revisions\/13985"}],"wp:featuredmedia":[{"embeddable":true,"href":"https:\/\/www.visionweb.com.ar\/index.php?rest_route=\/wp\/v2\/media\/13512"}],"wp:attachment":[{"href":"https:\/\/www.visionweb.com.ar\/index.php?rest_route=%2Fwp%2Fv2%2Fmedia&parent=13983"}],"wp:term":[{"taxonomy":"category","embeddable":true,"href":"https:\/\/www.visionweb.com.ar\/index.php?rest_route=%2Fwp%2Fv2%2Fcategories&post=13983"},{"taxonomy":"post_tag","embeddable":true,"href":"https:\/\/www.visionweb.com.ar\/index.php?rest_route=%2Fwp%2Fv2%2Ftags&post=13983"}],"curies":[{"name":"wp","href":"https:\/\/api.w.org\/{rel}","templated":true}]}}