{"id":13976,"date":"2024-03-20T09:46:28","date_gmt":"2024-03-20T12:46:28","guid":{"rendered":"https:\/\/www.visionweb.com.ar\/?p=13976"},"modified":"2024-03-20T09:46:28","modified_gmt":"2024-03-20T12:46:28","slug":"miercoles-con-tormentas-viento-y-granizo-amba-y-la-provincia-continuan-en-alerta","status":"publish","type":"post","link":"https:\/\/www.visionweb.com.ar\/?p=13976","title":{"rendered":"Mi\u00e9rcoles con tormentas, viento y granizo: AMBA y la provincia contin\u00faan en alerta"},"content":{"rendered":"<p><strong><em>Despu\u00e9s del temporal que afect\u00f3 la regi\u00f3n durante el martes, no cesa la advertencia del SMN. Alerta de nivel naranja para casi toda la provincia de Buenos Aires, y de nivel amarillo para los distritos del sudoeste.<\/em><\/strong><!--more--><\/p>\n<div id=\"attachment_13977\" style=\"width: 310px\" class=\"wp-caption alignright\"><img loading=\"lazy\" decoding=\"async\" aria-describedby=\"caption-attachment-13977\" class=\"wp-image-13977 size-medium\" src=\"https:\/\/www.visionweb.com.ar\/wp-content\/uploads\/2024\/03\/temporal-la-plata-300x239.png\" alt=\"\" width=\"300\" height=\"239\" srcset=\"https:\/\/www.visionweb.com.ar\/wp-content\/uploads\/2024\/03\/temporal-la-plata-300x239.png 300w, https:\/\/www.visionweb.com.ar\/wp-content\/uploads\/2024\/03\/temporal-la-plata.png 489w\" sizes=\"auto, (max-width: 300px) 100vw, 300px\" \/><p id=\"caption-attachment-13977\" class=\"wp-caption-text\">Ayer en La Plata. Imagen DIB<\/p><\/div>\n<p><strong>\u00a0 \u00a0E<\/strong>l \u00c1rea Metropolitana de Buenos Aires (AMBA) y gran parte de la provincia de Buenos Aires contin\u00faan regidas este mi\u00e9rcoles por una <strong>alerta naranja por tormentas fuertes<\/strong>, despu\u00e9s del temporal que afect\u00f3 la regi\u00f3n durante el martes y que provoc\u00f3 inundaciones y graves destrozos en diversas zonas.<\/p>\n<p>Seg\u00fan el reporte emitido en la ma\u00f1ana de este mi\u00e9rcoles por el <strong>Servicio Meteorol\u00f3gico Nacional (SMN)<\/strong>, el aviso no s\u00f3lo indica lluvias y tormentas, algunas localmente fuertes, sino tambi\u00e9n una advertencia de nivel amarillo por <strong>r\u00e1fagas que pueden superar los 90 kil\u00f3metros<\/strong> por hora.<\/p>\n<p>\u201cUna extensa l\u00ednea de tormentas avanza por el sur de la provincia de Buenos Aires. Adem\u00e1s de las lluvias y el granizo, puede provocar r\u00e1fagas de viento muy intensas\u201d, indic\u00f3 el organismo a las 7.30.<\/p>\n<p>De acuerdo a ese informe, lo peor de la jornada puede producirse en horas de la noche, con eventual ca\u00edda de granizo, muy fuerte actividad el\u00e9ctrica y abundante ca\u00edda de agua en cortos per\u00edodos. \u201cSe estiman valores de precipitaci\u00f3n acumulada entre 50 y 90 mm, pudiendo ser superados en forma puntual\u201d, indic\u00f3 aquel organismo.<\/p>\n<p>Desde el SMN hab\u00edan explicado que los temporales y precipitaciones de los \u00faltimos meses fueron \u201cuna marca de la \u00e9poca\u201d, de la mano del fen\u00f3meno de El Ni\u00f1o, caracterizado por condicionar un clima m\u00e1s h\u00famedo.<\/p>\n<p>Este fen\u00f3meno contin\u00faa desencadenando eventos clim\u00e1ticos at\u00edpicos como los de esta semana, y la anterior aunque, seg\u00fan los expertos, ya estar\u00edan empezando ceder desde el jueves.<\/p>\n<p>Seg\u00fan el informe del SMN, \u201cde acuerdo a los modelos din\u00e1micos y estad\u00edsticos, en promedio en el trimestre marzo, abril y mayo, hay 75% de probabilidad de que contin\u00faen las condiciones Ni\u00f1o\u201d, cuando en su apogeo lleg\u00f3 al 100%.<\/p>\n<p><strong>Ayer:<\/strong> Un fuerte\u00a0temporal de lluvia y viento azotaba entrada la noche del martes al \u00c1rea Metropolitana de Buenos Aires (AMBA) y la Ciudad de Buenos Aires, de acuerdo a una alerta del Servicio Meteorol\u00f3gico Nacional (SMN) que advirti\u00f3 sobre el desarrollo de nuevas tormentas en la zona,\u00a0<strong>tras los temporales de lluvia y viento que se desplazaron por la provincia de Buenos Aires durante toda la tarde.<\/strong><\/p>\n<p>Las localidades m\u00e1s afectadas en las \u00faltimas horas del martes fueron\u00a0<strong>La Plata, San Vicente, Berazategui y Ezeiza,<\/strong>\u00a0con copiosas lluvias que provocaron inundaciones y calles anegadas. Hubo suspensi\u00f3n y demoras en algunos vuelos en el Aeropuerto Internacional de Ezeiza.<\/p>\n<p>El temporal en la capital bonaerense comenz\u00f3 a las 18:\u00a0<strong>cayeron m\u00e1s de 60 mil\u00edmetros en una hora, la mitad de la marca hist\u00f3rica para todo el mes de marzo.<\/strong>\u00a0Ese fen\u00f3meno caus\u00f3 serios anegamientos en la ciudad, donde calles enteras se transformaron en r\u00edos.<br \/>\nPasadas las 20, una cortina de agua se desat\u00f3 sobre la ciudad y localidades del distrito, con lo que muchas de las zonas m\u00e1s castigadas, como Villa Elisa, City Bell, Tolosa, Villa Elvira, barrio Aeropuerto, Olmos y tambi\u00e9n sectores del centro terminaron de colapsar. <strong>(VW)<\/strong><\/p>\n","protected":false},"excerpt":{"rendered":"<p>Despu\u00e9s del temporal que afect\u00f3 la regi\u00f3n durante el martes, no cesa la advertencia del SMN. Alerta de nivel naranja para casi toda la provincia de Buenos Aires, y de nivel amarillo para los&#46;&#46;&#46;<\/p>\n","protected":false},"author":4,"featured_media":13977,"comment_status":"closed","ping_status":"closed","sticky":false,"template":"","format":"standard","meta":{"_monsterinsights_skip_tracking":false,"_monsterinsights_sitenote_active":false,"_monsterinsights_sitenote_note":"","_monsterinsights_sitenote_category":0,"footnotes":""},"categories":[8],"tags":[5848,1629,5399],"class_list":["post-13976","post","type-post","status-publish","format-standard","has-post-thumbnail","hentry","category-interes-general","tag-el-nino","tag-smn","tag-temporal"],"_links":{"self":[{"href":"https:\/\/www.visionweb.com.ar\/index.php?rest_route=\/wp\/v2\/posts\/13976","targetHints":{"allow":["GET"]}}],"collection":[{"href":"https:\/\/www.visionweb.com.ar\/index.php?rest_route=\/wp\/v2\/posts"}],"about":[{"href":"https:\/\/www.visionweb.com.ar\/index.php?rest_route=\/wp\/v2\/types\/post"}],"author":[{"embeddable":true,"href":"https:\/\/www.visionweb.com.ar\/index.php?rest_route=\/wp\/v2\/users\/4"}],"replies":[{"embeddable":true,"href":"https:\/\/www.visionweb.com.ar\/index.php?rest_route=%2Fwp%2Fv2%2Fcomments&post=13976"}],"version-history":[{"count":1,"href":"https:\/\/www.visionweb.com.ar\/index.php?rest_route=\/wp\/v2\/posts\/13976\/revisions"}],"predecessor-version":[{"id":13978,"href":"https:\/\/www.visionweb.com.ar\/index.php?rest_route=\/wp\/v2\/posts\/13976\/revisions\/13978"}],"wp:featuredmedia":[{"embeddable":true,"href":"https:\/\/www.visionweb.com.ar\/index.php?rest_route=\/wp\/v2\/media\/13977"}],"wp:attachment":[{"href":"https:\/\/www.visionweb.com.ar\/index.php?rest_route=%2Fwp%2Fv2%2Fmedia&parent=13976"}],"wp:term":[{"taxonomy":"category","embeddable":true,"href":"https:\/\/www.visionweb.com.ar\/index.php?rest_route=%2Fwp%2Fv2%2Fcategories&post=13976"},{"taxonomy":"post_tag","embeddable":true,"href":"https:\/\/www.visionweb.com.ar\/index.php?rest_route=%2Fwp%2Fv2%2Ftags&post=13976"}],"curies":[{"name":"wp","href":"https:\/\/api.w.org\/{rel}","templated":true}]}}