{"id":13966,"date":"2024-03-19T08:19:13","date_gmt":"2024-03-19T11:19:13","guid":{"rendered":"https:\/\/www.visionweb.com.ar\/?p=13966"},"modified":"2024-03-19T08:19:13","modified_gmt":"2024-03-19T11:19:13","slug":"reflotan-un-proyecto-de-ley-para-optimizar-el-funcionamiento-de-dos-cuencas-hidricas","status":"publish","type":"post","link":"https:\/\/www.visionweb.com.ar\/?p=13966","title":{"rendered":"Reflotan un proyecto de Ley para optimizar el funcionamiento de dos cuencas h\u00eddricas"},"content":{"rendered":"<p><em><strong>El proyecto de ley que ingresar\u00eda en la sesi\u00f3n que la C\u00e1mara de Diputados bonaerense tiene prevista para el 20 de marzo.<\/strong><\/em><!--more--><\/p>\n<p><img loading=\"lazy\" decoding=\"async\" class=\"size-medium wp-image-13967 alignright\" src=\"https:\/\/www.visionweb.com.ar\/wp-content\/uploads\/2024\/03\/ARROYOS-300x169.png\" alt=\"\" width=\"300\" height=\"169\" srcset=\"https:\/\/www.visionweb.com.ar\/wp-content\/uploads\/2024\/03\/ARROYOS-300x169.png 300w, https:\/\/www.visionweb.com.ar\/wp-content\/uploads\/2024\/03\/ARROYOS.png 640w\" sizes=\"auto, (max-width: 300px) 100vw, 300px\" \/>El interbloque de diputados bonaerenses Juntos, ingresaron un texto de minor\u00eda que busca imponer controles en la ejecuci\u00f3n presupuestaria y en el avance de las obras h\u00eddricas relacionadas con los arroyos San Francisco Las Piedras que involucra a varios\u00a0 distritos del sur del Gran Buenos Aires. .<\/p>\n<p>La iniciativa del bloque\u00a0 opositor se present\u00f3 luego de que el oficialismo lograra superar las votaciones en las comisiones de la C\u00e1mara de Diputados para avanzar con el proyecto de ley que busca intervenir en las cuencas h\u00eddricas.<\/p>\n<p>En simultaneo a las inundaciones que azotaron la semana pasada al \u00c1rea Metropolitana de Buenos Aires (AMBA), desde el bloque de Uni\u00f3n por la Patria salieron a apurar una iniciativa del diputado quilme\u00f1o Martiniano Molina y a la que el ex diputado y actual intendente de Almirante Brown, Mariano Cascallares, le dio nueva vida y que prev\u00e9 la creaci\u00f3n del Comit\u00e9 de la Cuenca H\u00eddrica Arroyo San Francisco\u2013Las Piedras.<\/p>\n<p>La iniciativa, que consigui\u00f3 el aval de las comisiones de Ambiente y Desarrollo Sostenible, Legislaci\u00f3n General, Asuntos Constitucionales y Justicia, y Presupuesto e Impuestos, gracias al acompa\u00f1amiento de los libertarios del bloque Libertad por Siempre, faculta al ente aut\u00e1rquico a negociar financiamiento con organismos internacionales para la puesta en marcha de obras h\u00eddricas.<\/p>\n<p>En este sentido, durante el debate parlamentario del proyecto de ley que ingresar\u00eda en la sesi\u00f3n que la C\u00e1mara de Diputados bonaerense tiene prevista para el 20 de marzo que viene, desde el oficialismo anticiparon que hay gestiones en marcha con el Banco de Desarrollo de Am\u00e9rica Latina y el Caribe para \u201cmitigar las consecuencias de un problema hist\u00f3rico\u201d en los municipios de Quilmes, Florencio Varela, Presidente Per\u00f3n, Avellaneda y Berazategui.<strong>(VW)<\/strong><\/p>\n","protected":false},"excerpt":{"rendered":"<p>El proyecto de ley que ingresar\u00eda en la sesi\u00f3n que la C\u00e1mara de Diputados bonaerense tiene prevista para el 20 de marzo.<\/p>\n","protected":false},"author":3,"featured_media":13967,"comment_status":"closed","ping_status":"closed","sticky":false,"template":"","format":"standard","meta":{"_monsterinsights_skip_tracking":false,"_monsterinsights_sitenote_active":false,"_monsterinsights_sitenote_note":"","_monsterinsights_sitenote_category":0,"footnotes":""},"categories":[8],"tags":[687,5843,2655,394],"class_list":["post-13966","post","type-post","status-publish","format-standard","has-post-thumbnail","hentry","category-interes-general","tag-arroyos","tag-cuencsa","tag-inundaciones","tag-obras"],"_links":{"self":[{"href":"https:\/\/www.visionweb.com.ar\/index.php?rest_route=\/wp\/v2\/posts\/13966","targetHints":{"allow":["GET"]}}],"collection":[{"href":"https:\/\/www.visionweb.com.ar\/index.php?rest_route=\/wp\/v2\/posts"}],"about":[{"href":"https:\/\/www.visionweb.com.ar\/index.php?rest_route=\/wp\/v2\/types\/post"}],"author":[{"embeddable":true,"href":"https:\/\/www.visionweb.com.ar\/index.php?rest_route=\/wp\/v2\/users\/3"}],"replies":[{"embeddable":true,"href":"https:\/\/www.visionweb.com.ar\/index.php?rest_route=%2Fwp%2Fv2%2Fcomments&post=13966"}],"version-history":[{"count":1,"href":"https:\/\/www.visionweb.com.ar\/index.php?rest_route=\/wp\/v2\/posts\/13966\/revisions"}],"predecessor-version":[{"id":13968,"href":"https:\/\/www.visionweb.com.ar\/index.php?rest_route=\/wp\/v2\/posts\/13966\/revisions\/13968"}],"wp:featuredmedia":[{"embeddable":true,"href":"https:\/\/www.visionweb.com.ar\/index.php?rest_route=\/wp\/v2\/media\/13967"}],"wp:attachment":[{"href":"https:\/\/www.visionweb.com.ar\/index.php?rest_route=%2Fwp%2Fv2%2Fmedia&parent=13966"}],"wp:term":[{"taxonomy":"category","embeddable":true,"href":"https:\/\/www.visionweb.com.ar\/index.php?rest_route=%2Fwp%2Fv2%2Fcategories&post=13966"},{"taxonomy":"post_tag","embeddable":true,"href":"https:\/\/www.visionweb.com.ar\/index.php?rest_route=%2Fwp%2Fv2%2Ftags&post=13966"}],"curies":[{"name":"wp","href":"https:\/\/api.w.org\/{rel}","templated":true}]}}