{"id":13963,"date":"2024-03-18T11:35:18","date_gmt":"2024-03-18T14:35:18","guid":{"rendered":"https:\/\/www.visionweb.com.ar\/?p=13963"},"modified":"2024-03-18T11:35:18","modified_gmt":"2024-03-18T14:35:18","slug":"el-intendente-gray-contra-los-aumentos-propuestos-por-la-ciudad-para-los-peajes","status":"publish","type":"post","link":"https:\/\/www.visionweb.com.ar\/?p=13963","title":{"rendered":"El intendente Gray contra los aumentos propuestos por la Ciudad para los peajes"},"content":{"rendered":"<p><em><strong>El jefe comunal de Esteban Echeverr\u00eda fundament\u00f3 su rechazo en la necesidad de miles de ciudadanos que a diario deben viajar a CABA para estudiar o trabajar.<\/strong><\/em>\u00a0 <!--more--><\/p>\n<p><img loading=\"lazy\" decoding=\"async\" class=\"size-medium wp-image-13964 alignright\" src=\"https:\/\/www.visionweb.com.ar\/wp-content\/uploads\/2024\/03\/FERNANDO-GRAY-300x200.png\" alt=\"\" width=\"300\" height=\"200\" srcset=\"https:\/\/www.visionweb.com.ar\/wp-content\/uploads\/2024\/03\/FERNANDO-GRAY-300x200.png 300w, https:\/\/www.visionweb.com.ar\/wp-content\/uploads\/2024\/03\/FERNANDO-GRAY.png 640w\" sizes=\"auto, (max-width: 300px) 100vw, 300px\" \/>El intendente de Esteban Echeverr\u00eda, Fernando Gray, rechaz\u00f3 los aumentos propuestos por el Gobierno porte\u00f1o programado para los peajes de las autopistas de la Ciudad.<\/p>\n<p>El jefe comunal del distrito del sur del Gran Buenos Aires hizo presente su rechazo en la audiencia p\u00fablica que se concret\u00f3 el viernes \u00faltimo\u00a0 convocada por el Gobierno de la Ciudad Aut\u00f3noma de Buenos Aires para discutir la modificaci\u00f3n de los cuadros tarifarios de peajes.<\/p>\n<p>\u201cSe trata de un nuevo ataque al bolsillo de miles de vecinas y vecinos de los distritos del conurbano que diariamente van a trabajar, estudiar o desarrollar actividades en la ciudad\u201d, se\u00f1al\u00f3 Fernando Gray, en declaraciones period\u00edsticas.<\/p>\n<p>Adem\u00e1s, relacion\u00f3 esta medida del Gobierno de la Ciudad de Buenos Aires con las tomadas por el Gobierno nacional: \u201cAparentemente, el Gobierno porte\u00f1o ha decidido secundar a la administraci\u00f3n nacional en este asalto al poder adquisitivo de la gente\u201d.<\/p>\n<p>Los aumentos tarifarios previstos implican un total acumulativo de m\u00e1s del 150% en los peajes para el tramo I de las autopistas 25 de Mayo, Perito Moreno, Illia y Paseo del Bajo sobre las tarifas vigentes, y de m\u00e1s del 35% para el tramo II.<\/p>\n<p>\u201cEs importante destacar la falta de justificaci\u00f3n en estos incrementos tarifarios. Realmente representan un arrebato contra el ya empobrecido bolsillo de las trabajadoras, los trabajadores, las jubiladas y los jubilados, y un golpe letal sobre nuestro polo industrial en Esteban Echeverr\u00eda, as\u00ed como sobre todas las econom\u00edas locales del conurbano\u201d, destac\u00f3.<\/p>\n<p>En febrero, el intendente Fernando Gray le propuso al Gobierno de la Ciudad Aut\u00f3noma de Buenos Aires que realice una convocatoria a la Agencia de Transporte Metropolitano, un ente tripartito compuesto por Naci\u00f3n, CABA y la provincia de Buenos Aires creado con el objetivo de coordinar las tarifas de las tres jurisdicciones y establecer criterios comunes para el servicio de transporte.<strong>(VW)<\/strong><\/p>\n","protected":false},"excerpt":{"rendered":"<p>El jefe comunal de Esteban Echeverr\u00eda fundament\u00f3 su rechazo en la necesidad de miles de ciudadanos que a diario deben viajar a CABA para estudiar o trabajar.\u00a0<\/p>\n","protected":false},"author":3,"featured_media":13964,"comment_status":"closed","ping_status":"closed","sticky":false,"template":"","format":"standard","meta":{"_monsterinsights_skip_tracking":false,"_monsterinsights_sitenote_active":false,"_monsterinsights_sitenote_note":"","_monsterinsights_sitenote_category":0,"footnotes":""},"categories":[3],"tags":[5561,2432,330,564],"class_list":["post-13963","post","type-post","status-publish","format-standard","has-post-thumbnail","hentry","category-actualidad","tag-audiencias","tag-autopistas","tag-caba","tag-tarifas"],"_links":{"self":[{"href":"https:\/\/www.visionweb.com.ar\/index.php?rest_route=\/wp\/v2\/posts\/13963","targetHints":{"allow":["GET"]}}],"collection":[{"href":"https:\/\/www.visionweb.com.ar\/index.php?rest_route=\/wp\/v2\/posts"}],"about":[{"href":"https:\/\/www.visionweb.com.ar\/index.php?rest_route=\/wp\/v2\/types\/post"}],"author":[{"embeddable":true,"href":"https:\/\/www.visionweb.com.ar\/index.php?rest_route=\/wp\/v2\/users\/3"}],"replies":[{"embeddable":true,"href":"https:\/\/www.visionweb.com.ar\/index.php?rest_route=%2Fwp%2Fv2%2Fcomments&post=13963"}],"version-history":[{"count":1,"href":"https:\/\/www.visionweb.com.ar\/index.php?rest_route=\/wp\/v2\/posts\/13963\/revisions"}],"predecessor-version":[{"id":13965,"href":"https:\/\/www.visionweb.com.ar\/index.php?rest_route=\/wp\/v2\/posts\/13963\/revisions\/13965"}],"wp:featuredmedia":[{"embeddable":true,"href":"https:\/\/www.visionweb.com.ar\/index.php?rest_route=\/wp\/v2\/media\/13964"}],"wp:attachment":[{"href":"https:\/\/www.visionweb.com.ar\/index.php?rest_route=%2Fwp%2Fv2%2Fmedia&parent=13963"}],"wp:term":[{"taxonomy":"category","embeddable":true,"href":"https:\/\/www.visionweb.com.ar\/index.php?rest_route=%2Fwp%2Fv2%2Fcategories&post=13963"},{"taxonomy":"post_tag","embeddable":true,"href":"https:\/\/www.visionweb.com.ar\/index.php?rest_route=%2Fwp%2Fv2%2Ftags&post=13963"}],"curies":[{"name":"wp","href":"https:\/\/api.w.org\/{rel}","templated":true}]}}