{"id":13961,"date":"2024-03-18T09:33:47","date_gmt":"2024-03-18T12:33:47","guid":{"rendered":"https:\/\/www.visionweb.com.ar\/?p=13961"},"modified":"2024-03-18T09:33:47","modified_gmt":"2024-03-18T12:33:47","slug":"provincia-los-docentes-acordaron-nuevo-aumento-del-135-para-marzo","status":"publish","type":"post","link":"https:\/\/www.visionweb.com.ar\/?p=13961","title":{"rendered":"Provincia: Los docentes acordaron nuevo aumento del 13,5% para marzo"},"content":{"rendered":"<p><strong><em>Un maestro de grado que reci\u00e9n se inicia pasar\u00e1 a cobrar $ 394 mil por el mes de marzo.<\/em><\/strong><!--more--><\/p>\n<p><strong><img loading=\"lazy\" decoding=\"async\" class=\"size-medium wp-image-11412 alignright\" src=\"https:\/\/www.visionweb.com.ar\/wp-content\/uploads\/2023\/08\/a-clases-300x176.png\" alt=\"\" width=\"300\" height=\"176\" srcset=\"https:\/\/www.visionweb.com.ar\/wp-content\/uploads\/2023\/08\/a-clases-300x176.png 300w, https:\/\/www.visionweb.com.ar\/wp-content\/uploads\/2023\/08\/a-clases.png 386w\" sizes=\"auto, (max-width: 300px) 100vw, 300px\" \/>\u00a0\u00a0 E<\/strong>l<strong> Frente de Unidad Docente Bonaerense (FUDB) acept\u00f3 el aumento del 13,5 por ciento propuesto por el gobierno de Axel Kicillof<\/strong>, que se pagar\u00e1 el mes pr\u00f3ximo y corresponde a marzo.<\/p>\n<p>El encuentro entre referentes del FUDB (conformado por FEB, AMET, Suteba, Udocba y Sadop) e integrantes de los Ministerios de Trabajo, Econom\u00eda y de la DGCyE se concret\u00f3 el viernes.<\/p>\n<p>Los gremios hab\u00edan advertido sobre \u201clas necesidades del sector para evitar la p\u00e9rdida del poder adquisitivo frente a la situaci\u00f3n econ\u00f3mica actual, producto de los altos niveles de inflaci\u00f3n y las medidas tomadas por el Ejecutivo Nacional\u201d.<\/p>\n<p><strong>\u201cEl Gobierno Provincial present\u00f3 su oferta salarial, la cual implica un aumento promedio del 13,5 % sobre la base de c\u00e1lculo conformada por el sueldo de diciembre de 2023, incrementado en un 15 %\u201d<\/strong>, detalla el comunicado.<\/p>\n<p>De esta manera, el nuevo\u00a0aumento se har\u00e1 efectivo en la pr\u00f3xima liquidaci\u00f3n, correspondiente al sueldo de marzo a cobrarse en los primeros d\u00edas de abril. Tambi\u00e9n este nuevo aumento, junto al de febrero, se aplicar\u00e1 a los jubilados docentes.<\/p>\n<p>\u201cAdem\u00e1s, se comunic\u00f3 que\u00a0<strong>habr\u00e1 un incremento en los tramos de las Asignaciones Familiares del 110 %<\/strong>, con el compromiso de volver a reunirnos en una pr\u00f3xima paritaria salarial en el mes de abril\u201d, detalla el texto.<\/p>\n<p>Seg\u00fan una tabla salarial, con el nuevo aumento,\u00a0<strong>un maestro de grado que reci\u00e9n se inicia cobrar\u00e1 en su pr\u00f3ximo salario $ 394 mil (en febrero estaba en los $ 355 mil) y con la m\u00e1xima antig\u00fcedad alcanzar\u00e1 los $ 539 mil.<\/strong><\/p>\n<p>En tanto, el sueldo de\u00a0<strong>un preceptor sin antig\u00fcedad llegar\u00e1 a los $ 332 mil (estaba en $ 301 mil) y para quienes tienen 24 o m\u00e1s a\u00f1os en la actividad se ubicar\u00e1 en los $ 464 mil.<\/strong>\u00a0Por su parte, u<strong>n profesor con 20 m\u00f3dulos percibir\u00e1 unos $ 534 mil y un director de 1ra. sin antig\u00fcedad unos $ 548 mil.<\/strong><\/p>\n<p>Vale se\u00f1alar que la gesti\u00f3n de Axel Kicillof ya otorg\u00f3 a estatales y docentes un incremento del 25% en enero (15% corresponde al cierre de la paritaria 2023), por decreto, y un 20% para febrero, tras un acuerdo. Con los salarios del mes de marzo los docentes jubilados cobrar\u00e1n el incremento de este periodo y el del mes de febrero. <strong>(VW)<\/strong><\/p>\n","protected":false},"excerpt":{"rendered":"<p>Un maestro de grado que reci\u00e9n se inicia pasar\u00e1 a cobrar $ 394 mil por el mes de marzo.<\/p>\n","protected":false},"author":4,"featured_media":11412,"comment_status":"closed","ping_status":"closed","sticky":false,"template":"","format":"standard","meta":{"_monsterinsights_skip_tracking":false,"_monsterinsights_sitenote_active":false,"_monsterinsights_sitenote_note":"","_monsterinsights_sitenote_category":0,"footnotes":""},"categories":[4,5],"tags":[1784,5841,5842],"class_list":["post-13961","post","type-post","status-publish","format-standard","has-post-thumbnail","hentry","category-politica","category-sociedad","tag-aumento-marzo","tag-docentes-conaerenses","tag-fudb"],"_links":{"self":[{"href":"https:\/\/www.visionweb.com.ar\/index.php?rest_route=\/wp\/v2\/posts\/13961","targetHints":{"allow":["GET"]}}],"collection":[{"href":"https:\/\/www.visionweb.com.ar\/index.php?rest_route=\/wp\/v2\/posts"}],"about":[{"href":"https:\/\/www.visionweb.com.ar\/index.php?rest_route=\/wp\/v2\/types\/post"}],"author":[{"embeddable":true,"href":"https:\/\/www.visionweb.com.ar\/index.php?rest_route=\/wp\/v2\/users\/4"}],"replies":[{"embeddable":true,"href":"https:\/\/www.visionweb.com.ar\/index.php?rest_route=%2Fwp%2Fv2%2Fcomments&post=13961"}],"version-history":[{"count":1,"href":"https:\/\/www.visionweb.com.ar\/index.php?rest_route=\/wp\/v2\/posts\/13961\/revisions"}],"predecessor-version":[{"id":13962,"href":"https:\/\/www.visionweb.com.ar\/index.php?rest_route=\/wp\/v2\/posts\/13961\/revisions\/13962"}],"wp:featuredmedia":[{"embeddable":true,"href":"https:\/\/www.visionweb.com.ar\/index.php?rest_route=\/wp\/v2\/media\/11412"}],"wp:attachment":[{"href":"https:\/\/www.visionweb.com.ar\/index.php?rest_route=%2Fwp%2Fv2%2Fmedia&parent=13961"}],"wp:term":[{"taxonomy":"category","embeddable":true,"href":"https:\/\/www.visionweb.com.ar\/index.php?rest_route=%2Fwp%2Fv2%2Fcategories&post=13961"},{"taxonomy":"post_tag","embeddable":true,"href":"https:\/\/www.visionweb.com.ar\/index.php?rest_route=%2Fwp%2Fv2%2Ftags&post=13961"}],"curies":[{"name":"wp","href":"https:\/\/api.w.org\/{rel}","templated":true}]}}