{"id":13954,"date":"2024-03-18T08:26:47","date_gmt":"2024-03-18T11:26:47","guid":{"rendered":"https:\/\/www.visionweb.com.ar\/?p=13954"},"modified":"2024-03-18T08:26:47","modified_gmt":"2024-03-18T11:26:47","slug":"el-pj-bonaerense-contra-el-diputado-espert","status":"publish","type":"post","link":"https:\/\/www.visionweb.com.ar\/?p=13954","title":{"rendered":"El PJ bonaerense contra el diputado Espert"},"content":{"rendered":"<p><em><strong>En un comunicado, indicaron que la pol\u00edtica impositiva bonaerense se encuentra condicionada por los recortes y ajustes que lleva adelante el Gobierno nacional.<\/strong><\/em><!--more--><\/p>\n<p><img loading=\"lazy\" decoding=\"async\" class=\"size-medium wp-image-1181 alignright\" src=\"https:\/\/www.visionweb.com.ar\/wp-content\/uploads\/2021\/03\/SEDE-DEL-PJ-BONAERENSE-300x218.png\" alt=\"\" width=\"300\" height=\"218\" srcset=\"https:\/\/www.visionweb.com.ar\/wp-content\/uploads\/2021\/03\/SEDE-DEL-PJ-BONAERENSE-300x218.png 300w, https:\/\/www.visionweb.com.ar\/wp-content\/uploads\/2021\/03\/SEDE-DEL-PJ-BONAERENSE.png 640w\" sizes=\"auto, (max-width: 300px) 100vw, 300px\" \/>El PJ bonaerense emiti\u00f3 un comunicado contra los dichos del diputado y presidente de la Comisi\u00f3n de Presupuesto y Hacienda de esa c\u00e1mara, Jos\u00e9 Luis Espert,\u00a0<strong>quien llam\u00f3 a una rebeli\u00f3n fiscal en la provincia de Buenos Aires,\u00a0<\/strong>asegurando que \u00e9l no va a pagar los impuestos \u201cinmobiliario, inmobiliario rural y patentes\u201d y sosteniendo que \u201cno hay que pagarlos\u201d, para que la poblaci\u00f3n siga su ejemplo. Asimismo,\u00a0<strong>repudi\u00f3 el apoyo a ese mensaje del presidente, Javier Milei.<\/strong><\/p>\n<p>\u201cEs muy grave e irresponsable la actitud del presidente de la Naci\u00f3n y el diputado por la provincia de Buenos aires (\u2026) est\u00e1n llamando abiertamente a una rebeli\u00f3n fiscal en la provincia\u201d, indic\u00f3 el texto de la entidad, cuyo titular es el diputado M\u00e1ximo Kirchner.<\/p>\n<p>El comunicado destac\u00f3 adem\u00e1s la actitud diferente que tiene el gobernador, Axel Kicillof, quien envi\u00f3 refuerzos a la provincia de Santa Fe ante la escalada de violencia por el avance del narcotr\u00e1fico.<\/p>\n<p>El texto resalt\u00f3 que\u00a0<strong>la pol\u00edtica impositiva bonaerense se encuentra condicionada por los recortes y ajustes que lleva adelante el Gobierno nacional,<\/strong> como \u201cla sustracci\u00f3n de un punto de coparticipaci\u00f3n, la eliminaci\u00f3n del Fondo de Incentivo Docente (FONID) y fundamentalmente por las decisiones del presidente en la macroeconom\u00eda\u201d<strong>(VW)<\/strong>.<\/p>\n","protected":false},"excerpt":{"rendered":"<p>En un comunicado, indicaron que la pol\u00edtica impositiva bonaerense se encuentra condicionada por los recortes y ajustes que lleva adelante el Gobierno nacional.<\/p>\n","protected":false},"author":3,"featured_media":1181,"comment_status":"closed","ping_status":"closed","sticky":false,"template":"","format":"standard","meta":{"_monsterinsights_skip_tracking":false,"_monsterinsights_sitenote_active":false,"_monsterinsights_sitenote_note":"","_monsterinsights_sitenote_category":0,"footnotes":""},"categories":[4],"tags":[],"class_list":["post-13954","post","type-post","status-publish","format-standard","has-post-thumbnail","hentry","category-politica"],"_links":{"self":[{"href":"https:\/\/www.visionweb.com.ar\/index.php?rest_route=\/wp\/v2\/posts\/13954","targetHints":{"allow":["GET"]}}],"collection":[{"href":"https:\/\/www.visionweb.com.ar\/index.php?rest_route=\/wp\/v2\/posts"}],"about":[{"href":"https:\/\/www.visionweb.com.ar\/index.php?rest_route=\/wp\/v2\/types\/post"}],"author":[{"embeddable":true,"href":"https:\/\/www.visionweb.com.ar\/index.php?rest_route=\/wp\/v2\/users\/3"}],"replies":[{"embeddable":true,"href":"https:\/\/www.visionweb.com.ar\/index.php?rest_route=%2Fwp%2Fv2%2Fcomments&post=13954"}],"version-history":[{"count":1,"href":"https:\/\/www.visionweb.com.ar\/index.php?rest_route=\/wp\/v2\/posts\/13954\/revisions"}],"predecessor-version":[{"id":13955,"href":"https:\/\/www.visionweb.com.ar\/index.php?rest_route=\/wp\/v2\/posts\/13954\/revisions\/13955"}],"wp:featuredmedia":[{"embeddable":true,"href":"https:\/\/www.visionweb.com.ar\/index.php?rest_route=\/wp\/v2\/media\/1181"}],"wp:attachment":[{"href":"https:\/\/www.visionweb.com.ar\/index.php?rest_route=%2Fwp%2Fv2%2Fmedia&parent=13954"}],"wp:term":[{"taxonomy":"category","embeddable":true,"href":"https:\/\/www.visionweb.com.ar\/index.php?rest_route=%2Fwp%2Fv2%2Fcategories&post=13954"},{"taxonomy":"post_tag","embeddable":true,"href":"https:\/\/www.visionweb.com.ar\/index.php?rest_route=%2Fwp%2Fv2%2Ftags&post=13954"}],"curies":[{"name":"wp","href":"https:\/\/api.w.org\/{rel}","templated":true}]}}