{"id":13949,"date":"2024-03-15T14:18:20","date_gmt":"2024-03-15T17:18:20","guid":{"rendered":"https:\/\/www.visionweb.com.ar\/?p=13949"},"modified":"2024-03-15T14:18:20","modified_gmt":"2024-03-15T17:18:20","slug":"el-gobierno-retirara-subsidios-a-1-637-colectivos-del-amba","status":"publish","type":"post","link":"https:\/\/www.visionweb.com.ar\/?p=13949","title":{"rendered":"El Gobierno retirar\u00e1 subsidios a 1.637 colectivos del AMBA"},"content":{"rendered":"<p><em><strong>El boleto sufrir\u00eda un fuerte aumento. Los usuarios que no hayan registrado la tarjeta SUBE pagar\u00edan tarifas m\u00e1s altas.<\/strong><\/em><!--more--><\/p>\n<p><img loading=\"lazy\" decoding=\"async\" class=\"size-medium wp-image-13561 alignright\" src=\"https:\/\/www.visionweb.com.ar\/wp-content\/uploads\/2024\/02\/colectivos-300x180.png\" alt=\"\" width=\"300\" height=\"180\" srcset=\"https:\/\/www.visionweb.com.ar\/wp-content\/uploads\/2024\/02\/colectivos-300x180.png 300w, https:\/\/www.visionweb.com.ar\/wp-content\/uploads\/2024\/02\/colectivos.png 499w\" sizes=\"auto, (max-width: 300px) 100vw, 300px\" \/>\u00a0 <strong>E<\/strong>l<strong> Gobierno<\/strong>\u00a0anunci\u00f3 este viernes que\u00a0<strong>dejar\u00e1 de subsidiar a 1.637 colectivos del \u00c1rea Metropolitana<\/strong>, lo que probablemente se trasladar\u00e1 al boleto, en medio de la crisis econ\u00f3mica, y en un contexto de constantes amenazas de paro en el transporte p\u00fablico de pasajeros.<\/p>\n<p>A partir de que la Secretar\u00eda de Transporte detect\u00f3 que se<strong> estaban entregando subsidios \u201cinnecesariamente\u201d a 1.637 colectivos del \u00c1rea Metropolitana de Buenos Aires<\/strong>\u00a0(AMBA), se dispuso que desde este mes ya no recibir\u00e1n asistencia estatal.<\/p>\n<p>Esta ma\u00f1ana, el vocero presidencial Manuel\u00a0<strong>Adorni\u00a0<\/strong>confirm\u00f3 la medida y\u00a0<strong>habl\u00f3 de un \u201cgrifo de derroche\u201d que le cuesta al Estado $ 6.200 millones<\/strong>.<\/p>\n<p>\u201cLa Secretar\u00eda de Transporte ha dejado de subsidiar 1.637 colectivos en el AMBA a partir de un estudio del sistema automotor que determin\u00f3 graves irregularidades\u201d, dijo el vocero en su habitual conferencia de prensa.<\/p>\n<p>Precis\u00f3 que \u201cel Estado nacional repart\u00eda subsidios para un parque automotor de 18.300 colectivos, pero nunca se control\u00f3 si esa cantidad era la que transitaba por el AMBA\u201d.<\/p>\n<p>\u201cCon esto se desmantela un grifo de derroche, ineficiencia que nos sal\u00eda muy caro a todos.\u00a0<strong>Se deja de pagar desde marzo,<\/strong>\u00a0y con esto los argentinos ahorramos $6200 millones por mes en esto que era un derroche injustificado\u201d, insisti\u00f3.<\/p>\n<p><strong>Cu\u00e1nto saldr\u00eda el boleto sin subsidio:<\/strong><\/p>\n<p>En el AMBA el boleto m\u00ednimo de colectivo cuesta $270 desde febrero y se espera una actualizaci\u00f3n para los primeros d\u00edas de abril. Pero,\u00a0<strong>seg\u00fan la Asociaci\u00f3n Argentina de Empresarios del Transporte Automotor (Aaeta<\/strong>), la tarifa sin subsidios fue del 373% m\u00e1s cara y super\u00f3 los $1200 en el segundo mes del a\u00f1o.<\/p>\n<p>De acuerdo con el \u201c\u00cdndice Bondi\u201d de febrero que realiza Aeeta,\u00a0<strong>el valor del boleto de colectivo sin subsidio deber\u00eda estar en $1278 promedio en el conurbano bonaerense y Buenos Aires<\/strong>. <strong>(VW)<\/strong><\/p>\n<p>&nbsp;<\/p>\n","protected":false},"excerpt":{"rendered":"<p>El boleto sufrir\u00eda un fuerte aumento. Los usuarios que no hayan registrado la tarjeta SUBE pagar\u00edan tarifas m\u00e1s altas.<\/p>\n","protected":false},"author":4,"featured_media":13561,"comment_status":"closed","ping_status":"closed","sticky":false,"template":"","format":"standard","meta":{"_monsterinsights_skip_tracking":false,"_monsterinsights_sitenote_active":false,"_monsterinsights_sitenote_note":"","_monsterinsights_sitenote_category":0,"footnotes":""},"categories":[6,4],"tags":[5832,1817,5731,564],"class_list":["post-13949","post","type-post","status-publish","format-standard","has-post-thumbnail","hentry","category-economia","category-politica","tag-retiran-subsidios","tag-sube","tag-subsidios-al-transporte","tag-tarifas"],"_links":{"self":[{"href":"https:\/\/www.visionweb.com.ar\/index.php?rest_route=\/wp\/v2\/posts\/13949","targetHints":{"allow":["GET"]}}],"collection":[{"href":"https:\/\/www.visionweb.com.ar\/index.php?rest_route=\/wp\/v2\/posts"}],"about":[{"href":"https:\/\/www.visionweb.com.ar\/index.php?rest_route=\/wp\/v2\/types\/post"}],"author":[{"embeddable":true,"href":"https:\/\/www.visionweb.com.ar\/index.php?rest_route=\/wp\/v2\/users\/4"}],"replies":[{"embeddable":true,"href":"https:\/\/www.visionweb.com.ar\/index.php?rest_route=%2Fwp%2Fv2%2Fcomments&post=13949"}],"version-history":[{"count":1,"href":"https:\/\/www.visionweb.com.ar\/index.php?rest_route=\/wp\/v2\/posts\/13949\/revisions"}],"predecessor-version":[{"id":13950,"href":"https:\/\/www.visionweb.com.ar\/index.php?rest_route=\/wp\/v2\/posts\/13949\/revisions\/13950"}],"wp:featuredmedia":[{"embeddable":true,"href":"https:\/\/www.visionweb.com.ar\/index.php?rest_route=\/wp\/v2\/media\/13561"}],"wp:attachment":[{"href":"https:\/\/www.visionweb.com.ar\/index.php?rest_route=%2Fwp%2Fv2%2Fmedia&parent=13949"}],"wp:term":[{"taxonomy":"category","embeddable":true,"href":"https:\/\/www.visionweb.com.ar\/index.php?rest_route=%2Fwp%2Fv2%2Fcategories&post=13949"},{"taxonomy":"post_tag","embeddable":true,"href":"https:\/\/www.visionweb.com.ar\/index.php?rest_route=%2Fwp%2Fv2%2Ftags&post=13949"}],"curies":[{"name":"wp","href":"https:\/\/api.w.org\/{rel}","templated":true}]}}