{"id":13928,"date":"2024-03-14T08:58:42","date_gmt":"2024-03-14T11:58:42","guid":{"rendered":"https:\/\/www.visionweb.com.ar\/?p=13928"},"modified":"2024-03-14T08:58:42","modified_gmt":"2024-03-14T11:58:42","slug":"se-viene-una-nueva-protesta-por-el-aumento-de-los-pasajes-de-tren","status":"publish","type":"post","link":"https:\/\/www.visionweb.com.ar\/?p=13928","title":{"rendered":"Se viene una nueva protesta por el aumento de los pasajes de tren"},"content":{"rendered":"<p><em><strong>Dirigentes estudiantiles y organizaciones de izquierda explicaron que el \u201ctarifazo\u201d afecta a los estudiantes que \u201cno podr\u00e1n continuar la cursada. Esta vez ser\u00e1 en Once.<\/strong><\/em><!--more--><\/p>\n<p><img loading=\"lazy\" decoding=\"async\" class=\"size-medium wp-image-13929 alignleft\" src=\"https:\/\/www.visionweb.com.ar\/wp-content\/uploads\/2024\/03\/PROTESTAS-300x200.png\" alt=\"\" width=\"300\" height=\"200\" srcset=\"https:\/\/www.visionweb.com.ar\/wp-content\/uploads\/2024\/03\/PROTESTAS-300x200.png 300w, https:\/\/www.visionweb.com.ar\/wp-content\/uploads\/2024\/03\/PROTESTAS.png 640w\" sizes=\"auto, (max-width: 300px) 100vw, 300px\" \/>Dirigentes estudiantiles y organizaciones de izquierda convocaron a un nuevo molinetazo <strong>para este viernes en contra del aumento del transporte<\/strong>, ya el mismo har\u00eda que miles de estudiantes \u201cno puedan continuar la cursada\u201d.<\/p>\n<p>La iniciativa,a diferencia de la del 1\u00ba de marzo contra el presidente Javier Milei, ser\u00e1 contra el jefe de Gobierno porte\u00f1o, Jorge Macri, consignaron diferentes portales de noticias regionales.<\/p>\n<p>\u201cCentros de estudiantes, organizaciones, asambleas barriales y colectivos en lucha convocan el de 15 de marzo, d\u00eda en el que el Gobierno de la Ciudad de Buenos Aires har\u00e1 las audiencias p\u00fablicas obligatorias para implementar los aumentos, a\u00a0<strong>una nueva acci\u00f3n de salto de molinetes en la estaci\u00f3n de Once a las 17hs como medida de protesta contra el tarifazo en el transporte\u201d,<\/strong>\u00a0expresaron en un comunicado.<\/p>\n<p>\u201dLa medida surge principalmente de estudiantes que alertan que con este tarifazo miles y miles\u00a0<strong>no podr\u00e1n continuar la cursada<\/strong>\u201d, sumaron.<\/p>\n<p>\u201cVolvemos a realizar esta acci\u00f3n, que tuvo una repercusi\u00f3n masiva hace dos semanas porque\u00a0<strong>el tarifazo en el subte no puede pasar\u201d<\/strong>, dijo la secretaria de cultura de la Federaci\u00f3n Universitaria Argentina y estudiante de Artes del Movimiento UNA, Catalina Jure.<\/p>\n<p>\u201c<strong>Milei y Jorge Macri aumentan las tarifas en el momento en que empiezan las clases<\/strong>. En la Ciudad de Buenos Aires<strong>\u00a0no tenemos ning\u00fan vi\u00e1tico o boleto educativo para los estudiantes universitarios<\/strong>\u201d, se quej\u00f3.<\/p>\n<p>Y agreg\u00f3: \u201cIncluso peligra en los institutos terciarios y secundarios.<strong>\u00a0El nivel de ataque del gobierno de Milei a nuestros derechos y condiciones de vida pone en peligro todos nuestros derechos<\/strong>, como es el caso del derecho a la educaci\u00f3n.\u201d<strong>(VW)<\/strong><\/p>\n","protected":false},"excerpt":{"rendered":"<p>Dirigentes estudiantiles y organizaciones de izquierda explicaron que el \u201ctarifazo\u201d afecta a los estudiantes que \u201cno podr\u00e1n continuar la cursada. Esta vez ser\u00e1 en Once.<\/p>\n","protected":false},"author":3,"featured_media":13929,"comment_status":"closed","ping_status":"closed","sticky":false,"template":"","format":"standard","meta":{"_monsterinsights_skip_tracking":false,"_monsterinsights_sitenote_active":false,"_monsterinsights_sitenote_note":"","_monsterinsights_sitenote_category":0,"footnotes":""},"categories":[3],"tags":[],"class_list":["post-13928","post","type-post","status-publish","format-standard","has-post-thumbnail","hentry","category-actualidad"],"_links":{"self":[{"href":"https:\/\/www.visionweb.com.ar\/index.php?rest_route=\/wp\/v2\/posts\/13928","targetHints":{"allow":["GET"]}}],"collection":[{"href":"https:\/\/www.visionweb.com.ar\/index.php?rest_route=\/wp\/v2\/posts"}],"about":[{"href":"https:\/\/www.visionweb.com.ar\/index.php?rest_route=\/wp\/v2\/types\/post"}],"author":[{"embeddable":true,"href":"https:\/\/www.visionweb.com.ar\/index.php?rest_route=\/wp\/v2\/users\/3"}],"replies":[{"embeddable":true,"href":"https:\/\/www.visionweb.com.ar\/index.php?rest_route=%2Fwp%2Fv2%2Fcomments&post=13928"}],"version-history":[{"count":1,"href":"https:\/\/www.visionweb.com.ar\/index.php?rest_route=\/wp\/v2\/posts\/13928\/revisions"}],"predecessor-version":[{"id":13930,"href":"https:\/\/www.visionweb.com.ar\/index.php?rest_route=\/wp\/v2\/posts\/13928\/revisions\/13930"}],"wp:featuredmedia":[{"embeddable":true,"href":"https:\/\/www.visionweb.com.ar\/index.php?rest_route=\/wp\/v2\/media\/13929"}],"wp:attachment":[{"href":"https:\/\/www.visionweb.com.ar\/index.php?rest_route=%2Fwp%2Fv2%2Fmedia&parent=13928"}],"wp:term":[{"taxonomy":"category","embeddable":true,"href":"https:\/\/www.visionweb.com.ar\/index.php?rest_route=%2Fwp%2Fv2%2Fcategories&post=13928"},{"taxonomy":"post_tag","embeddable":true,"href":"https:\/\/www.visionweb.com.ar\/index.php?rest_route=%2Fwp%2Fv2%2Ftags&post=13928"}],"curies":[{"name":"wp","href":"https:\/\/api.w.org\/{rel}","templated":true}]}}