{"id":13923,"date":"2024-03-13T17:06:27","date_gmt":"2024-03-13T20:06:27","guid":{"rendered":"https:\/\/www.visionweb.com.ar\/?p=13923"},"modified":"2024-03-13T17:06:27","modified_gmt":"2024-03-13T20:06:27","slug":"importaciones-los-primeros-caidos-seran-las-pymes","status":"publish","type":"post","link":"https:\/\/www.visionweb.com.ar\/?p=13923","title":{"rendered":"Importaciones: Los primeros ca\u00eddos ser\u00e1n las PyMEs"},"content":{"rendered":"<p><em><strong>As\u00ed lo se\u00f1al\u00f3 Alfredo Gonz\u00e1lez, titular de la Confederaci\u00f3n. Se refiri\u00f3 a la cr\u00edtica situaci\u00f3n econ\u00f3mica en la que se toma la medida y cuestion\u00f3 la carga impositiva que tiene su sector.<\/strong><\/em><!--more--><\/p>\n<p><img loading=\"lazy\" decoding=\"async\" class=\"size-medium wp-image-2194 alignright\" src=\"https:\/\/www.visionweb.com.ar\/wp-content\/uploads\/2021\/07\/PYMES-INDUSTRIALES-300x169.jpg\" alt=\"\" width=\"300\" height=\"169\" srcset=\"https:\/\/www.visionweb.com.ar\/wp-content\/uploads\/2021\/07\/PYMES-INDUSTRIALES-300x169.jpg 300w, https:\/\/www.visionweb.com.ar\/wp-content\/uploads\/2021\/07\/PYMES-INDUSTRIALES-768x432.jpg 768w, https:\/\/www.visionweb.com.ar\/wp-content\/uploads\/2021\/07\/PYMES-INDUSTRIALES.jpg 1004w\" sizes=\"auto, (max-width: 300px) 100vw, 300px\" \/>El presidente de la Confederaci\u00f3n Argentina de la Mediana Empresa (CAME), Alfredo Gonz\u00e1lez, advirti\u00f3 que la decisi\u00f3n del Gobierno nacional de abrir las importaciones para productos de la canasta alimenticia genera efectos adversos en el sector en medio de la crisis econ\u00f3mica y que \u201clos primeros ca\u00eddos en batalla\u201d van a ser las empresas pymes.<\/p>\n<p>\u201cNos afecta directamente. Los primeros ca\u00eddos en batalla vamos a ser las pymes\u201d, se\u00f1al\u00f3 el representante de la Confederaci\u00f3n en el marco de una entrevista con radio Continental.<\/p>\n<p>\u201cVa a da\u00f1ar industrias como alimenticia y cuidado personal. Nosotros no fijamos precios, son las grandes empresas. Despu\u00e9s discutimos si somos competitivos o no, pero necesitamos m\u00e1s datos\u201d, se\u00f1al\u00f3 sobre la medida anunciada por el Gobierno.<\/p>\n<p>Gonz\u00e1lez indic\u00f3 que las peque\u00f1as y medianas empresas nacionales deber\u00e1n competir con grandes firmas y de mayor cantidad financiera, y con distintas reglas. En este punto, se refiri\u00f3 los impuestos municipales, provinciales y nacionales \u201cque nos hacen ser para nada competitivos\u201d, asegur\u00f3 Gonz\u00e1lez en di\u00e1logo con Fernando Carnota.<\/p>\n<p>\u201cMe gustar\u00eda competir con pa\u00edses donde yo realmente podr\u00eda tener la misma equidad. A quien no le encanta competir\u201d, indic\u00f3 el representante de CAME. Y agreg\u00f3: \u201cuna cosa es liberarte y tener cierta equidad para ser competitivo y poder competir con otros pa\u00edses y otra cosa es salir a competir con tantos pies encima que tenemos en toda la industria en general\u201d.<\/p>\n<p>Asimismo, se refiri\u00f3 a la actual crisis econ\u00f3mica al hacer referencia a la \u201ccontracci\u00f3n de ventas interna\u201d y la baja en el uso de la capacidad instalada en industrias. \u201cEstamos en una etapa muy dif\u00edcil\u201d, indic\u00f3.<strong>(vw)<\/strong><\/p>\n","protected":false},"excerpt":{"rendered":"<p>As\u00ed lo se\u00f1al\u00f3 Alfredo Gonz\u00e1lez, titular de la Confederaci\u00f3n. Se refiri\u00f3 a la cr\u00edtica situaci\u00f3n econ\u00f3mica en la que se toma la medida y cuestion\u00f3 la carga impositiva que tiene su sector.<\/p>\n","protected":false},"author":3,"featured_media":2194,"comment_status":"closed","ping_status":"closed","sticky":false,"template":"","format":"standard","meta":{"_monsterinsights_skip_tracking":false,"_monsterinsights_sitenote_active":false,"_monsterinsights_sitenote_note":"","_monsterinsights_sitenote_category":0,"footnotes":""},"categories":[749],"tags":[309,5826,117,32],"class_list":["post-13923","post","type-post","status-publish","format-standard","has-post-thumbnail","hentry","category-pymes","tag-came","tag-gonznalez","tag-importaciones","tag-pymes"],"_links":{"self":[{"href":"https:\/\/www.visionweb.com.ar\/index.php?rest_route=\/wp\/v2\/posts\/13923","targetHints":{"allow":["GET"]}}],"collection":[{"href":"https:\/\/www.visionweb.com.ar\/index.php?rest_route=\/wp\/v2\/posts"}],"about":[{"href":"https:\/\/www.visionweb.com.ar\/index.php?rest_route=\/wp\/v2\/types\/post"}],"author":[{"embeddable":true,"href":"https:\/\/www.visionweb.com.ar\/index.php?rest_route=\/wp\/v2\/users\/3"}],"replies":[{"embeddable":true,"href":"https:\/\/www.visionweb.com.ar\/index.php?rest_route=%2Fwp%2Fv2%2Fcomments&post=13923"}],"version-history":[{"count":1,"href":"https:\/\/www.visionweb.com.ar\/index.php?rest_route=\/wp\/v2\/posts\/13923\/revisions"}],"predecessor-version":[{"id":13924,"href":"https:\/\/www.visionweb.com.ar\/index.php?rest_route=\/wp\/v2\/posts\/13923\/revisions\/13924"}],"wp:featuredmedia":[{"embeddable":true,"href":"https:\/\/www.visionweb.com.ar\/index.php?rest_route=\/wp\/v2\/media\/2194"}],"wp:attachment":[{"href":"https:\/\/www.visionweb.com.ar\/index.php?rest_route=%2Fwp%2Fv2%2Fmedia&parent=13923"}],"wp:term":[{"taxonomy":"category","embeddable":true,"href":"https:\/\/www.visionweb.com.ar\/index.php?rest_route=%2Fwp%2Fv2%2Fcategories&post=13923"},{"taxonomy":"post_tag","embeddable":true,"href":"https:\/\/www.visionweb.com.ar\/index.php?rest_route=%2Fwp%2Fv2%2Ftags&post=13923"}],"curies":[{"name":"wp","href":"https:\/\/api.w.org\/{rel}","templated":true}]}}