{"id":13918,"date":"2024-03-13T15:44:04","date_gmt":"2024-03-13T18:44:04","guid":{"rendered":"https:\/\/www.visionweb.com.ar\/?p=13918"},"modified":"2024-03-13T15:44:04","modified_gmt":"2024-03-13T18:44:04","slug":"pobreza-mas-de-8-millones-de-ninos-y-adolescentes-viven-en-la-pobreza","status":"publish","type":"post","link":"https:\/\/www.visionweb.com.ar\/?p=13918","title":{"rendered":"Pobreza: M\u00e1s de 8 millones de ni\u00f1os y adolescentes viven en la pobreza"},"content":{"rendered":"<p><strong><em>Es en Argentina. El dato lo dio a conocer UNICEF y corresponden al segundo semestre de 2023. Es por el impacto macroecon\u00f3mico.<\/em><\/strong> <!--more--><\/p>\n<div id=\"attachment_13919\" style=\"width: 310px\" class=\"wp-caption alignleft\"><img loading=\"lazy\" decoding=\"async\" aria-describedby=\"caption-attachment-13919\" class=\"wp-image-13919 size-medium\" src=\"https:\/\/www.visionweb.com.ar\/wp-content\/uploads\/2024\/03\/INFANCIA-POBREZA-300x200.png\" alt=\"\" width=\"300\" height=\"200\" srcset=\"https:\/\/www.visionweb.com.ar\/wp-content\/uploads\/2024\/03\/INFANCIA-POBREZA-300x200.png 300w, https:\/\/www.visionweb.com.ar\/wp-content\/uploads\/2024\/03\/INFANCIA-POBREZA.png 640w\" sizes=\"auto, (max-width: 300px) 100vw, 300px\" \/><p id=\"caption-attachment-13919\" class=\"wp-caption-text\"><em><strong>La pobreza infantil se presenta en dos dimensiones (Foto: Unicef de Argentina)<\/strong><\/em><\/p><\/div>\n<p>Un informe presentado por Unicef revela que siete de cada diez ni\u00f1os viven en condiciones de pobreza en la Argentina.<\/p>\n<p>Son alrededor de <strong>8,6 millones de menores de 18 a\u00f1os que viven en hogares que no alcanzan el umbral m\u00ednimo de ingresos econ\u00f3micos\u00a0<\/strong>o en entornos donde se ven privados de sus derechos.<\/p>\n<p>Seg\u00fan los datos recopilados para el segundo semestre del 2023, la pobreza infantil se presenta en dos dimensiones: el\u00a0<strong>57,5% de los ni\u00f1os experimentan pobreza por recursos econ\u00f3micos, mientras que el 43% enfrenta pobreza por privaci\u00f3n de derechos fundamentales como la educaci\u00f3n y la salud<\/strong>.<\/p>\n<p>Un 31% de los menores experimentan ambas formas de pobreza simult\u00e1neamente, afectando a 3,8 millones de ni\u00f1os, <strong>consign\u00f3 el trabajo publicado por UNICEF en las \u00faltimas horas, al que accedi\u00f3 VW<\/strong>.<\/p>\n<p>El informe destaca <strong>el impacto del deterioro macroecon\u00f3mico en el aumento de la pobreza y la indigencia.<\/strong><\/p>\n<p>\u201cLa canasta b\u00e1sica aumenta en mayor proporci\u00f3n que los \u00edndices de inflaci\u00f3n general y que los salarios\u201d, dijo Sebasti\u00e1n Waisgrais, economista especialista en Inclusi\u00f3n Social y Monitoreo en Unicef Argentina, poniendo en evidencia la necesidad de medidas urgentes para proteger los ingresos de los hogares y mejorar la cobertura de las prestaciones sociales.<\/p>\n<p>En el \u00faltimo semestre del a\u00f1o pasado,\u00a0<strong>la indigencia infantil aument\u00f3 un 5% y alcanz\u00f3 el 19,4%.\u00a0<\/strong>\u201cEs la primera vez que vemos un incremento estad\u00edstico muy importante en la indigencia\u201d, advirti\u00f3 Waisgrais. Esto significa que 643.000 ni\u00f1os m\u00e1s cayeron en la indigencia.<\/p>\n<p>Los datos muestran que hay diferencias significativas dependiendo la ubicaci\u00f3n geogr\u00e1fica, el g\u00e9nero y nivel educativo.\u00a0<strong>La pobreza infantil en barrios populares alcanza un 84%. La brecha seg\u00fan el g\u00e9nero es de 63% entre ni\u00f1as y un 50,8% entre los varones.\u00a0<\/strong><\/p>\n<p>Adem\u00e1s, la pobreza en hogares con bajo clima educativo (83%), hogares monomarentales (68%) y en aquellos que residen en barrios populares (84%).<\/p>\n<p>Waisgrais resalta la importancia de\u00a0<strong>mantener y fortalecer las partidas presupuestarias destinadas a las pol\u00edticas de protecci\u00f3n de ingresos<\/strong> a los hogares. \u201cSi bien hubo se\u00f1ales positivas en este sentido, es clave maximizar los esfuerzos para mejorar la cobertura y suficiencia de las prestaciones\u201d, subray\u00f3 <strong>(VW)<\/strong>.<\/p>\n","protected":false},"excerpt":{"rendered":"<p>Es en Argentina. El dato lo dio a conocer UNICEF y corresponden al segundo semestre de 2023. Es por el impacto macroecon\u00f3mico.<\/p>\n","protected":false},"author":3,"featured_media":13919,"comment_status":"closed","ping_status":"closed","sticky":false,"template":"","format":"standard","meta":{"_monsterinsights_skip_tracking":false,"_monsterinsights_sitenote_active":false,"_monsterinsights_sitenote_note":"","_monsterinsights_sitenote_category":0,"footnotes":""},"categories":[5],"tags":[],"class_list":["post-13918","post","type-post","status-publish","format-standard","has-post-thumbnail","hentry","category-sociedad"],"_links":{"self":[{"href":"https:\/\/www.visionweb.com.ar\/index.php?rest_route=\/wp\/v2\/posts\/13918","targetHints":{"allow":["GET"]}}],"collection":[{"href":"https:\/\/www.visionweb.com.ar\/index.php?rest_route=\/wp\/v2\/posts"}],"about":[{"href":"https:\/\/www.visionweb.com.ar\/index.php?rest_route=\/wp\/v2\/types\/post"}],"author":[{"embeddable":true,"href":"https:\/\/www.visionweb.com.ar\/index.php?rest_route=\/wp\/v2\/users\/3"}],"replies":[{"embeddable":true,"href":"https:\/\/www.visionweb.com.ar\/index.php?rest_route=%2Fwp%2Fv2%2Fcomments&post=13918"}],"version-history":[{"count":1,"href":"https:\/\/www.visionweb.com.ar\/index.php?rest_route=\/wp\/v2\/posts\/13918\/revisions"}],"predecessor-version":[{"id":13920,"href":"https:\/\/www.visionweb.com.ar\/index.php?rest_route=\/wp\/v2\/posts\/13918\/revisions\/13920"}],"wp:featuredmedia":[{"embeddable":true,"href":"https:\/\/www.visionweb.com.ar\/index.php?rest_route=\/wp\/v2\/media\/13919"}],"wp:attachment":[{"href":"https:\/\/www.visionweb.com.ar\/index.php?rest_route=%2Fwp%2Fv2%2Fmedia&parent=13918"}],"wp:term":[{"taxonomy":"category","embeddable":true,"href":"https:\/\/www.visionweb.com.ar\/index.php?rest_route=%2Fwp%2Fv2%2Fcategories&post=13918"},{"taxonomy":"post_tag","embeddable":true,"href":"https:\/\/www.visionweb.com.ar\/index.php?rest_route=%2Fwp%2Fv2%2Ftags&post=13918"}],"curies":[{"name":"wp","href":"https:\/\/api.w.org\/{rel}","templated":true}]}}