{"id":13915,"date":"2024-03-13T11:44:04","date_gmt":"2024-03-13T14:44:04","guid":{"rendered":"https:\/\/www.visionweb.com.ar\/?p=13915"},"modified":"2024-03-13T11:44:04","modified_gmt":"2024-03-13T14:44:04","slug":"seguridad-bullrich-destaco-la-ayuda-bonaerense-para-abordar-la-crisis-del-narcotrafico-en-rosario","status":"publish","type":"post","link":"https:\/\/www.visionweb.com.ar\/?p=13915","title":{"rendered":"Seguridad: Bullrich destac\u00f3 la ayuda bonaerense para abordar la crisis del narcotr\u00e1fico en Rosario"},"content":{"rendered":"<p><em><strong>El ministro de Seguridad bonaerense, Javier Alonso, confirm\u00f3 el env\u00edo de patrulleros, drones y efectivos a la lucha contra el narcotr\u00e1fico de Santa Fe.<\/strong><\/em><!--more--><\/p>\n<div id=\"attachment_13916\" style=\"width: 310px\" class=\"wp-caption alignright\"><img loading=\"lazy\" decoding=\"async\" aria-describedby=\"caption-attachment-13916\" class=\"wp-image-13916 size-medium\" src=\"https:\/\/www.visionweb.com.ar\/wp-content\/uploads\/2024\/03\/Seguridad-bullrich-y-berni-300x200.png\" alt=\"\" width=\"300\" height=\"200\" srcset=\"https:\/\/www.visionweb.com.ar\/wp-content\/uploads\/2024\/03\/Seguridad-bullrich-y-berni-300x200.png 300w, https:\/\/www.visionweb.com.ar\/wp-content\/uploads\/2024\/03\/Seguridad-bullrich-y-berni.png 476w\" sizes=\"auto, (max-width: 300px) 100vw, 300px\" \/><p id=\"caption-attachment-13916\" class=\"wp-caption-text\">La Provincia suma ayuda para Santa Fe. \u00abAunando esfuerzos\u00bb, public\u00f3 Bullrich en las redes<\/p><\/div>\n<p><strong>\u00a0\u00a0 L<\/strong>uego de una reuni\u00f3n con\u00a0<strong>Patricia Bullrich<\/strong>, el ministro de Seguridad de la\u00a0<strong>provincia de Buenos Aires<\/strong>,\u00a0<strong>Javier Alonso<\/strong>, anunci\u00f3 que las fuerzas bonaerenses aportar\u00e1n apoyo log\u00edstico a la provincia de Santa Fe en la lucha contra el narcotr\u00e1fico.<\/p>\n<p>En esa l\u00ednea, el gobernador\u00a0<strong>Axel Kicillof<\/strong>\u00a0firm\u00f3 un documento con todos los gobernadores del pa\u00eds para solidarizarse con\u00a0<strong>Maximiliano Pullaro<\/strong>.<\/p>\n<p>Bullrich public\u00f3 \u201caunando esfuerzos\u201d en las redes sociales, y poste\u00f3: \u201cLa provincia de Buenos Aires se suma a la lucha contra el narcoterrorismo en Rosario, aportando <strong>veh\u00edculos, drones, helic\u00f3pteros y otros medios log\u00edsticos<\/strong>\u201d.<\/p>\n<p>Esta decisi\u00f3n fue consensuada con la titular de Seguridad de la Naci\u00f3n de la que tambi\u00e9n particip\u00f3 el actual senador bonaerense\u00a0<strong>Sergio Berni<\/strong>. \u00ab<strong>La provincia de Buenos Aires se suma a la lucha contra el narcoterrorismo en Rosario<\/strong>\u00ab, anunci\u00f3 Bullrich en su cuenta de Twitter.<\/p>\n<p>En ese sentido, el gobernador bonaerense comparti\u00f3 un documento que <strong>firmaron todos los mandatarios provinciales y el jefe de Gobierno porte\u00f1o en apoyo al santafesino<\/strong>\u00a0<strong>Maximiliano Pullaro<\/strong>. \u00abManifestamos nuestra firme decisi\u00f3n de cooperar activamente con Santa Fe en esta emergencia\u00bb, reza la carta abierta.<\/p>\n<p>En el comunicado, que firman con la frase\u00a0<strong>Todos Somos Santa Fe<\/strong>, los dirigentes advirtieron que \u00abel narcotr\u00e1fico es un problema federal, no porque no corresponda a una jurisdicci\u00f3n provincial sino porque es un problema de todos\u00bb.<\/p>\n<p>En este contexto,\u00a0<strong>Alonso pidi\u00f3 que se reforme la ley de seguridad interior<\/strong>. \u00ab<strong>La pol\u00edtica de la desfederalizaci\u00f3n ha fracasado<\/strong>\u00ab, sentenci\u00f3.<\/p>\n<p>Seg\u00fan explic\u00f3 el ministro bonaerense, el objetivo de la nueva norma ser\u00eda que \u00abcuando haya un problema grave en una provincia, el Ministerio de Seguridad de la Naci\u00f3n pueda convocar a los mejores efectivos de cada polic\u00eda provincial para armar una fuerza que pueda atacar el problema\u201d, dijo Alonso. <strong>(VW)<\/strong><\/p>\n<p>&nbsp;<\/p>\n","protected":false},"excerpt":{"rendered":"<p>El ministro de Seguridad bonaerense, Javier Alonso, confirm\u00f3 el env\u00edo de patrulleros, drones y efectivos a la lucha contra el narcotr\u00e1fico de Santa Fe.<\/p>\n","protected":false},"author":4,"featured_media":13916,"comment_status":"closed","ping_status":"closed","sticky":false,"template":"","format":"standard","meta":{"_monsterinsights_skip_tracking":false,"_monsterinsights_sitenote_active":false,"_monsterinsights_sitenote_note":"","_monsterinsights_sitenote_category":0,"footnotes":""},"categories":[4],"tags":[5824,504,5825,5823],"class_list":["post-13915","post","type-post","status-publish","format-standard","has-post-thumbnail","hentry","category-politica","tag-alonso","tag-bullrich","tag-contra-el-narcotrafico","tag-kicillof-envia-fuerzas-a-pullaro"],"_links":{"self":[{"href":"https:\/\/www.visionweb.com.ar\/index.php?rest_route=\/wp\/v2\/posts\/13915","targetHints":{"allow":["GET"]}}],"collection":[{"href":"https:\/\/www.visionweb.com.ar\/index.php?rest_route=\/wp\/v2\/posts"}],"about":[{"href":"https:\/\/www.visionweb.com.ar\/index.php?rest_route=\/wp\/v2\/types\/post"}],"author":[{"embeddable":true,"href":"https:\/\/www.visionweb.com.ar\/index.php?rest_route=\/wp\/v2\/users\/4"}],"replies":[{"embeddable":true,"href":"https:\/\/www.visionweb.com.ar\/index.php?rest_route=%2Fwp%2Fv2%2Fcomments&post=13915"}],"version-history":[{"count":1,"href":"https:\/\/www.visionweb.com.ar\/index.php?rest_route=\/wp\/v2\/posts\/13915\/revisions"}],"predecessor-version":[{"id":13917,"href":"https:\/\/www.visionweb.com.ar\/index.php?rest_route=\/wp\/v2\/posts\/13915\/revisions\/13917"}],"wp:featuredmedia":[{"embeddable":true,"href":"https:\/\/www.visionweb.com.ar\/index.php?rest_route=\/wp\/v2\/media\/13916"}],"wp:attachment":[{"href":"https:\/\/www.visionweb.com.ar\/index.php?rest_route=%2Fwp%2Fv2%2Fmedia&parent=13915"}],"wp:term":[{"taxonomy":"category","embeddable":true,"href":"https:\/\/www.visionweb.com.ar\/index.php?rest_route=%2Fwp%2Fv2%2Fcategories&post=13915"},{"taxonomy":"post_tag","embeddable":true,"href":"https:\/\/www.visionweb.com.ar\/index.php?rest_route=%2Fwp%2Fv2%2Ftags&post=13915"}],"curies":[{"name":"wp","href":"https:\/\/api.w.org\/{rel}","templated":true}]}}