{"id":13913,"date":"2024-03-13T11:11:19","date_gmt":"2024-03-13T14:11:19","guid":{"rendered":"https:\/\/www.visionweb.com.ar\/?p=13913"},"modified":"2024-03-13T11:11:19","modified_gmt":"2024-03-13T14:11:19","slug":"paritaria-docente-otra-vez-sin-acuerdo-los-gremios-en-estado-de-alerta-y-movilizacion","status":"publish","type":"post","link":"https:\/\/www.visionweb.com.ar\/?p=13913","title":{"rendered":"Paritaria docente: Otra vez sin acuerdo, los gremios en estado de alerta y movilizaci\u00f3n"},"content":{"rendered":"<p><em><strong>Gobierno y sindicatos siguen sin acercamiento, y la posibilidad de un nuevo paro nacional. El Gobierno ratific\u00f3 la decisi\u00f3n de eliminar el Fondo de Incentivo Docente (Fonid) y ofreci\u00f3 un piso salarial de $325.000 que fue rechazado por los sindicatos, que piden un sueldo inicial de $450.000.<\/strong><\/em><!--more--><\/p>\n<p><strong><img loading=\"lazy\" decoding=\"async\" class=\"size-medium wp-image-13661 alignright\" src=\"https:\/\/www.visionweb.com.ar\/wp-content\/uploads\/2024\/02\/cetera-300x136.png\" alt=\"\" width=\"300\" height=\"136\" srcset=\"https:\/\/www.visionweb.com.ar\/wp-content\/uploads\/2024\/02\/cetera-300x136.png 300w, https:\/\/www.visionweb.com.ar\/wp-content\/uploads\/2024\/02\/cetera.png 487w\" sizes=\"auto, (max-width: 300px) 100vw, 300px\" \/>\u00a0\u00a0 L<\/strong>os <strong>gremios docentes<\/strong> con representaci\u00f3n nacional participaron ayer de una nueva reuni\u00f3n paritaria con funcionarios del gobierno de<strong>\u00a0<\/strong>Javier Milei, pero otra vez\u00a0<strong>no hubo acuerdo.<\/strong><\/p>\n<p>El Ejecutivo mejor\u00f3 la oferta salarial pero no hubo acuerdo. Con la presencia del Secretario de Educaci\u00f3n,\u00a0<strong>Carlos Torrendell,<\/strong>\u00a0el Gobierno<strong>\u00a0ofreci\u00f3 un piso salarial de $325.000<\/strong>\u00a0a percibir en abril, unos $15.000 por encima de lo propuesto la semana pasada, aunque<strong> ratific\u00f3 la decisi\u00f3n de eliminar el Fondo de Incentivo Docente (Fonid).<\/strong><\/p>\n<p>Los sindicatos\u00a0<strong>CTERA, SADOP, UDA, CEA y AMET<\/strong>\u00a0volvieron a rechazar la oferta y ratificaron el\u00a0<strong>pedido de un salario inicial de $450.000 en todo el pa\u00eds<\/strong>, m\u00e1s la reactivaci\u00f3n del Fondo Nacional de Incentivo Docente (FONID).<\/p>\n<p>En teste contexto,\u00a0<strong>la Confederaci\u00f3n de Trabajadores de la Educaci\u00f3n de la Rep\u00fablica Argentina (CTERA), ratific\u00f3 el estado de \u201calerta y movilizaci\u00f3n\u201d<\/strong>\u00a0y el \u201cmandato de tomar medidas en caso que persista el recorte salarial y los fondos destinados a educaci\u00f3n\u201d.<\/p>\n<p>La organizaci\u00f3n anunci\u00f3 que la pr\u00f3xima semana\u00a0<strong>se realizar\u00e1 una jornada nacional de protesta para exigir el pago del Fonid<\/strong>, reclamar aumento salarial, as\u00ed como pedir el cumplimiento de la paritaria nacional docente y garantizar condiciones dignas para ense\u00f1ar y aprender.<\/p>\n<p>De no haber una respuesta a los reclamos, la central sindical anunci\u00f3 que formar\u00e1 parte de un paro nacional junto a los dem\u00e1s sindicatos y la realizaci\u00f3n de una\u00a0<strong>Marcha Nacional Educativa en todo el pa\u00eds<\/strong>\u00a0por m\u00e1s presupuesto educativo.<\/p>\n<p>La paritaria nacional estuvo presidida por Mariana Ortal Sueldo, Subsecretaria de Relaciones de Trabajo, y Carlos Torrendell, Secretario de Educaci\u00f3n de la Naci\u00f3n. CTERA estuvo representada por los miembros paritarios Sonia Alesso, Secretaria General; Roberto Baradel, Secretario General Adjunto de la entidad y Secretario General del Sindicato Unificado de los Trabajadores de la Educaci\u00f3n de la Provincia de Buenos Aires (SUTEBA); Ang\u00e9lica Graciano, Secretaria Gremial; Juan Monserrat, Secretario de Organizaci\u00f3n; y Fabi\u00e1n Pecc\u00edn, Prosecretario Gremial.<\/p>\n<p><strong>Propuesta rechazada:<\/strong><\/p>\n<p>De acuerdo\u00a0<a href=\"https:\/\/ctera.org.ar\/paritaria-nacional-docente-reunion-en-el-ministerio-de-trabajo\/\">a un documento difundido por la entidad gremial,\u00a0<\/a>en el encuentro el Gobierno inform\u00f3 sobre la restituci\u00f3n del Fondo Compensador de desigualdades salariales, jornada extendida, quinta hora y jornada completa, al tiempo que CTERA reclam\u00f3 las partidas de comedores y copa de leche, como as\u00ed tambi\u00e9n las partidas de infraestructura.<\/p>\n<p>No obstante, CTERA\u00a0<strong>expres\u00f3 el rechazo a la propuesta presentada por insuficiente y por no incluir el Fonid,<\/strong>\u00a0tanto el \u00faltimo tramo correspondiente al a\u00f1o 2023 como todo el a\u00f1o 2024, y se\u00f1al\u00f3 que adem\u00e1s \u201cincumple con la paritaria nacional docente, la Ley de Financiamiento Educativo, (en particular con su art\u00edculo 10), con la Constituci\u00f3n Nacional y las normativas que resguardan la negociaci\u00f3n colectiva y los convenios de la Organizaci\u00f3n Internacional del Trabajo\u201d.<\/p>\n<p>La entidad sindical subray\u00f3 en el comunicado: \u201cTodos los sindicatos docentes nacionales del pa\u00eds, sumados a los Ministros de Educaci\u00f3n de todas las jurisdicciones, reclamamos el\u00a0<strong>Fondo Nacional de Incentivo Docente<\/strong>\u00a0y los fondos que el gobierno nacional debe transferir a las provincias por Ley. Exigimos la presencia del Ministerio de Econom\u00eda en la pr\u00f3xima reuni\u00f3n de la Paritaria Nacional\u201d. <strong>(VW)<\/strong><\/p>\n<p>&nbsp;<\/p>\n","protected":false},"excerpt":{"rendered":"<p>Gobierno y sindicatos siguen sin acercamiento, y la posibilidad de un nuevo paro nacional. El Gobierno ratific\u00f3 la decisi\u00f3n de eliminar el Fondo de Incentivo Docente (Fonid) y ofreci\u00f3 un piso salarial de $325.000&#46;&#46;&#46;<\/p>\n","protected":false},"author":4,"featured_media":13661,"comment_status":"closed","ping_status":"closed","sticky":false,"template":"","format":"standard","meta":{"_monsterinsights_skip_tracking":false,"_monsterinsights_sitenote_active":false,"_monsterinsights_sitenote_note":"","_monsterinsights_sitenote_category":0,"footnotes":""},"categories":[6,4,5],"tags":[5822,5821],"class_list":["post-13913","post","type-post","status-publish","format-standard","has-post-thumbnail","hentry","category-economia","category-politica","category-sociedad","tag-estado-de-alerta-y-movilizacion","tag-paritaria-docente-sin-acuerdo"],"_links":{"self":[{"href":"https:\/\/www.visionweb.com.ar\/index.php?rest_route=\/wp\/v2\/posts\/13913","targetHints":{"allow":["GET"]}}],"collection":[{"href":"https:\/\/www.visionweb.com.ar\/index.php?rest_route=\/wp\/v2\/posts"}],"about":[{"href":"https:\/\/www.visionweb.com.ar\/index.php?rest_route=\/wp\/v2\/types\/post"}],"author":[{"embeddable":true,"href":"https:\/\/www.visionweb.com.ar\/index.php?rest_route=\/wp\/v2\/users\/4"}],"replies":[{"embeddable":true,"href":"https:\/\/www.visionweb.com.ar\/index.php?rest_route=%2Fwp%2Fv2%2Fcomments&post=13913"}],"version-history":[{"count":1,"href":"https:\/\/www.visionweb.com.ar\/index.php?rest_route=\/wp\/v2\/posts\/13913\/revisions"}],"predecessor-version":[{"id":13914,"href":"https:\/\/www.visionweb.com.ar\/index.php?rest_route=\/wp\/v2\/posts\/13913\/revisions\/13914"}],"wp:featuredmedia":[{"embeddable":true,"href":"https:\/\/www.visionweb.com.ar\/index.php?rest_route=\/wp\/v2\/media\/13661"}],"wp:attachment":[{"href":"https:\/\/www.visionweb.com.ar\/index.php?rest_route=%2Fwp%2Fv2%2Fmedia&parent=13913"}],"wp:term":[{"taxonomy":"category","embeddable":true,"href":"https:\/\/www.visionweb.com.ar\/index.php?rest_route=%2Fwp%2Fv2%2Fcategories&post=13913"},{"taxonomy":"post_tag","embeddable":true,"href":"https:\/\/www.visionweb.com.ar\/index.php?rest_route=%2Fwp%2Fv2%2Ftags&post=13913"}],"curies":[{"name":"wp","href":"https:\/\/api.w.org\/{rel}","templated":true}]}}