{"id":13904,"date":"2024-03-12T09:50:00","date_gmt":"2024-03-12T12:50:00","guid":{"rendered":"https:\/\/www.visionweb.com.ar\/?p=13904"},"modified":"2024-03-12T09:50:00","modified_gmt":"2024-03-12T12:50:00","slug":"diputados-legisladores-definiran-una-formula-de-movilidad-jubilatoria","status":"publish","type":"post","link":"https:\/\/www.visionweb.com.ar\/?p=13904","title":{"rendered":"Diputados: Legisladores definir\u00e1n una f\u00f3rmula de movilidad jubilatoria"},"content":{"rendered":"<p><strong><em>La sesi\u00f3n tendr\u00e1 lugar el\u00a0mi\u00e9rcoles a las 12, a instancias de un pedido del bloque Hacemos Coalici\u00f3n Federal. El qu\u00f3rum est\u00e1 asegurado.<\/em><\/strong><!--more--><\/p>\n<p><img loading=\"lazy\" decoding=\"async\" class=\"size-medium wp-image-9267 alignleft\" src=\"https:\/\/www.visionweb.com.ar\/wp-content\/uploads\/2023\/01\/Sesiones-congreso-ene2023-300x171.jpg\" alt=\"\" width=\"300\" height=\"171\" srcset=\"https:\/\/www.visionweb.com.ar\/wp-content\/uploads\/2023\/01\/Sesiones-congreso-ene2023-300x171.jpg 300w, https:\/\/www.visionweb.com.ar\/wp-content\/uploads\/2023\/01\/Sesiones-congreso-ene2023.bmp 441w\" sizes=\"auto, (max-width: 300px) 100vw, 300px\" \/>La C\u00e1mara de Diputados oficializ\u00f3 la convocatoria a una sesi\u00f3n especial para tratar los proyectos vinculados a la sanci\u00f3n de una <strong>nueva f\u00f3rmula de movilidad jubilatoria<\/strong>.<\/p>\n<p>La sesi\u00f3n tendr\u00e1 lugar el\u00a0<strong>mi\u00e9rcoles a las 12<\/strong>, a instancias de un pedido del bloque Hacemos Coalici\u00f3n Federal.<\/p>\n<p>Este frente de legisladores est\u00e1 formado por <a title=\"Hacemos por Nuestro Pa\u00eds\" href=\"https:\/\/es.wikipedia.org\/wiki\/Hacemos_por_Nuestro_Pa%C3%ADs\">Hacemos por Nuestro Pais<\/a>\u00a0(integrado por sectores del\u00a0<a title=\"Partido Justicialista\" href=\"https:\/\/es.wikipedia.org\/wiki\/Partido_Justicialista\">Partido Justicialista<\/a>\u00a0de C\u00f3rdoba, el\u00a0<a class=\"mw-redirect\" title=\"Partido GEN\" href=\"https:\/\/es.wikipedia.org\/wiki\/Partido_GEN\">Partido GEN<\/a>, el\u00a0<a title=\"Partido Socialista (Argentina)\" href=\"https:\/\/es.wikipedia.org\/wiki\/Partido_Socialista_(Argentina)\">Partido Socialista<\/a>, entre otros), la\u00a0<a title=\"Coalici\u00f3n C\u00edvica ARI\" href=\"https:\/\/es.wikipedia.org\/wiki\/Coalici%C3%B3n_C%C3%ADvica_ARI\">Coalici\u00f3n C\u00edvica ARI<\/a>\u00a0y el bloque\u00a0<a class=\"new\" title=\"Cambio Federal (a\u00fan no redactado)\" href=\"https:\/\/es.wikipedia.org\/w\/index.php?title=Cambio_Federal&amp;action=edit&amp;redlink=1\">Cambio Federal<\/a>\u00a0y los gobernadores de Entre R\u00edos, C\u00f3rdoba y Chubut.<sup id=\"cite_ref-:0_9-1\" class=\"reference separada\"><\/sup>\u200b<\/p>\n<p>La bancada que lidera Miguel Pichetto se asegur\u00f3 el apoyo de Uni\u00f3n por la Patria, el bloque m\u00e1s numeroso de la c\u00e1mara, por lo que el qu\u00f3rum para el inicio de la sesi\u00f3n est\u00e1 garantizado.<\/p>\n<p>Si bien se tratar\u00e1n distintas iniciativas vinculadas al reemplazo de la f\u00f3rmula de movilidad previsional, ninguna tiene dictamen de comisi\u00f3n, por lo que se requerir\u00eda una mayor\u00eda agravada de dos tercios de los votos para la aprobaci\u00f3n.<\/p>\n<p>El proyecto que present\u00f3 la Coalici\u00f3n C\u00edvica apunta a que\u00a0<strong>las\u00a0jubilaciones se actualicen de forma mensual por inflaci\u00f3n, e incorpora una recomposici\u00f3n del 20,6% en los haberes de abril\u00a0<\/strong>para compensar la p\u00e9rdida de poder adquisitivo de los primeros meses del a\u00f1o.<\/p>\n<p><strong>No es el \u00fanico proyecto de ley que propone cambios en la f\u00f3rmula de movilidad jubilatoria<\/strong>: tambi\u00e9n el Frente de Izquierda present\u00f3 una iniciativa y la diputada de Hacemos Coalici\u00f3n Federal Alejandra Torres tambi\u00e9n su propia propuesta<strong>(VW)<\/strong>.<\/p>\n","protected":false},"excerpt":{"rendered":"<p>La sesi\u00f3n tendr\u00e1 lugar el\u00a0mi\u00e9rcoles a las 12, a instancias de un pedido del bloque Hacemos Coalici\u00f3n Federal. El qu\u00f3rum est\u00e1 asegurado.<\/p>\n","protected":false},"author":3,"featured_media":9267,"comment_status":"closed","ping_status":"closed","sticky":false,"template":"","format":"standard","meta":{"_monsterinsights_skip_tracking":false,"_monsterinsights_sitenote_active":false,"_monsterinsights_sitenote_note":"","_monsterinsights_sitenote_category":0,"footnotes":""},"categories":[4],"tags":[3516,5814,569,2039],"class_list":["post-13904","post","type-post","status-publish","format-standard","has-post-thumbnail","hentry","category-politica","tag-especial","tag-formula-ajuste","tag-jubilados","tag-sesion"],"_links":{"self":[{"href":"https:\/\/www.visionweb.com.ar\/index.php?rest_route=\/wp\/v2\/posts\/13904","targetHints":{"allow":["GET"]}}],"collection":[{"href":"https:\/\/www.visionweb.com.ar\/index.php?rest_route=\/wp\/v2\/posts"}],"about":[{"href":"https:\/\/www.visionweb.com.ar\/index.php?rest_route=\/wp\/v2\/types\/post"}],"author":[{"embeddable":true,"href":"https:\/\/www.visionweb.com.ar\/index.php?rest_route=\/wp\/v2\/users\/3"}],"replies":[{"embeddable":true,"href":"https:\/\/www.visionweb.com.ar\/index.php?rest_route=%2Fwp%2Fv2%2Fcomments&post=13904"}],"version-history":[{"count":1,"href":"https:\/\/www.visionweb.com.ar\/index.php?rest_route=\/wp\/v2\/posts\/13904\/revisions"}],"predecessor-version":[{"id":13905,"href":"https:\/\/www.visionweb.com.ar\/index.php?rest_route=\/wp\/v2\/posts\/13904\/revisions\/13905"}],"wp:featuredmedia":[{"embeddable":true,"href":"https:\/\/www.visionweb.com.ar\/index.php?rest_route=\/wp\/v2\/media\/9267"}],"wp:attachment":[{"href":"https:\/\/www.visionweb.com.ar\/index.php?rest_route=%2Fwp%2Fv2%2Fmedia&parent=13904"}],"wp:term":[{"taxonomy":"category","embeddable":true,"href":"https:\/\/www.visionweb.com.ar\/index.php?rest_route=%2Fwp%2Fv2%2Fcategories&post=13904"},{"taxonomy":"post_tag","embeddable":true,"href":"https:\/\/www.visionweb.com.ar\/index.php?rest_route=%2Fwp%2Fv2%2Ftags&post=13904"}],"curies":[{"name":"wp","href":"https:\/\/api.w.org\/{rel}","templated":true}]}}