{"id":13894,"date":"2024-03-11T17:31:16","date_gmt":"2024-03-11T20:31:16","guid":{"rendered":"https:\/\/www.visionweb.com.ar\/?p=13894"},"modified":"2024-03-11T17:38:05","modified_gmt":"2024-03-11T20:38:05","slug":"legislatura-bonaerense-se-creara-un-comite-hidrico","status":"publish","type":"post","link":"https:\/\/www.visionweb.com.ar\/?p=13894","title":{"rendered":"Legislatura bonaerense: Se crear\u00e1 un Comit\u00e9 h\u00eddrico"},"content":{"rendered":"<p><em><strong>El Comit\u00e9 h\u00eddrico funcionar\u00e1 como un ente aut\u00e1rquico que tendr\u00e1 capacidad jur\u00eddica\u00a0 para actuar en la esfera del derecho p\u00fablico y privado.<\/strong><\/em><!--more--><\/p>\n<div id=\"attachment_13895\" style=\"width: 310px\" class=\"wp-caption alignright\"><img loading=\"lazy\" decoding=\"async\" aria-describedby=\"caption-attachment-13895\" class=\"wp-image-13895 size-medium\" src=\"https:\/\/www.visionweb.com.ar\/wp-content\/uploads\/2024\/03\/CUENCA-HIDRICA-300x200.png\" alt=\"\" width=\"300\" height=\"200\" srcset=\"https:\/\/www.visionweb.com.ar\/wp-content\/uploads\/2024\/03\/CUENCA-HIDRICA-300x200.png 300w, https:\/\/www.visionweb.com.ar\/wp-content\/uploads\/2024\/03\/CUENCA-HIDRICA.png 640w\" sizes=\"auto, (max-width: 300px) 100vw, 300px\" \/><p id=\"caption-attachment-13895\" class=\"wp-caption-text\"><strong><em>Legisladores bonaerenses analizan la iniciativa dl intendente Cascallares (Imagen: Presa Legislatura bonaerense<\/em><\/strong>)<\/p><\/div>\n<p>Con el objeto de analizar un proyecto de Ley, el D 2773 se realiz\u00f3 una reuni\u00f3n en la legislatura bonaerense, para evaluar la\u00a0 creaci\u00f3n del Comit\u00e9 de la Cuenca H\u00eddrica Arroyo San Francisco\u2013Las Piedras, con la intenci\u00f3n de solventar la realizaci\u00f3n de obras pluviales en el sur del Conurbano provincial.<\/p>\n<p>La iniciativa fue impulsada por el intendente de Almirante Brown, Mariano Cascallares, y de realizarse mejorar\u00e1 la calidad de vida de 1.100.000 personas.<\/p>\n<p>La presentaci\u00f3n dela iniciativa se hizo con la participaci\u00f3n de las comisiones de Ambiente y Desarrollo Sostenible, Legislaci\u00f3n General, Asuntos Constitucionales y Justicia, y Presupuesto e Impuestos.<\/p>\n<p>Del encuentro participaron el titular de la C\u00e1mara baja, Alejandro Dichiara; la presidenta de la comisi\u00f3n de Ambiente y Desarrollo Sostenible, Micaela Olivetto, los presidentes de Legislaci\u00f3n General, Ruben Eslaiman y de Presupuesto e Impuestos, Juan Pablo De Jes\u00fas.<\/p>\n<p>Asistieron tambi\u00e9n la intendenta de Quilmes, Mayra Mendoza; el jefe comunal de Florencio Varela, Andr\u00e9s Watson; autoridades provinciales e integrantes de las comisiones tratantes.<\/p>\n<p>Por su parte, el alcalde Mariano Cascallares particip\u00f3 de forma remota y explic\u00f3 los fundamentos de la propuesta legislativa, de la cual es autor en su paso como diputado en la C\u00e1mara baja.<\/p>\n<p>Espec\u00edficamente, la norma establece la conformaci\u00f3n del Comit\u00e9 de la Cuenca H\u00eddrica Arroyo San Francisco \u2013 Las Piedras, y lo define como un ente aut\u00e1rquico, con plena capacidad jur\u00eddica para actuar en la esfera del derecho p\u00fablico y privado.<\/p>\n<div id=\"attachment_13897\" style=\"width: 310px\" class=\"wp-caption alignleft\"><img loading=\"lazy\" decoding=\"async\" aria-describedby=\"caption-attachment-13897\" class=\"wp-image-13897 size-medium\" src=\"https:\/\/www.visionweb.com.ar\/wp-content\/uploads\/2024\/03\/INUNDACIONES-300x187.png\" alt=\"\" width=\"300\" height=\"187\" srcset=\"https:\/\/www.visionweb.com.ar\/wp-content\/uploads\/2024\/03\/INUNDACIONES-300x187.png 300w, https:\/\/www.visionweb.com.ar\/wp-content\/uploads\/2024\/03\/INUNDACIONES.png 640w\" sizes=\"auto, (max-width: 300px) 100vw, 300px\" \/><p id=\"caption-attachment-13897\" class=\"wp-caption-text\"><em><strong>Una imagen del anegamiento de las calles en un barrio afectado por el desborde del arroyo Las Perdices (Archivo VW) <\/strong><\/em><\/p><\/div>\n<p>Con relaci\u00f3n a las obras hidr\u00e1ulicas, se espera que mejoren la calidad de vida de 1.100.000 personas radicadas en los partidos de Presidente Per\u00f3n, Almirante Brown, Florencio Varela, Quilmes y Avellaneda.<\/p>\n<p>El organismo de vinculaci\u00f3n entre el ente aut\u00e1rquico que se crea y el Poder Ejecutivo ser\u00e1 el Ministerio de Infraestructura y Servicios P\u00fablicos, o el ente que en el futuro lo reemplace.<\/p>\n<p>El tr\u00e1mite legislativo continuar\u00e1 el pr\u00f3ximo jueves cuando vuelvan a convocarse, en el marco de una reuni\u00f3n ordinaria conjunta de comisiones, para darle despacho al proyecto<strong>(VW)<\/strong>.<\/p>\n<p>&nbsp;<\/p>\n","protected":false},"excerpt":{"rendered":"<p>El Comit\u00e9 h\u00eddrico funcionar\u00e1 como un ente aut\u00e1rquico que tendr\u00e1 capacidad jur\u00eddica\u00a0 para actuar en la esfera del derecho p\u00fablico y privado.<\/p>\n","protected":false},"author":3,"featured_media":13895,"comment_status":"closed","ping_status":"closed","sticky":false,"template":"","format":"standard","meta":{"_monsterinsights_skip_tracking":false,"_monsterinsights_sitenote_active":false,"_monsterinsights_sitenote_note":"","_monsterinsights_sitenote_category":0,"footnotes":""},"categories":[8],"tags":[687,191,2655,5813],"class_list":["post-13894","post","type-post","status-publish","format-standard","has-post-thumbnail","hentry","category-interes-general","tag-arroyos","tag-cuenca","tag-inundaciones","tag-sur-del-cga"],"_links":{"self":[{"href":"https:\/\/www.visionweb.com.ar\/index.php?rest_route=\/wp\/v2\/posts\/13894","targetHints":{"allow":["GET"]}}],"collection":[{"href":"https:\/\/www.visionweb.com.ar\/index.php?rest_route=\/wp\/v2\/posts"}],"about":[{"href":"https:\/\/www.visionweb.com.ar\/index.php?rest_route=\/wp\/v2\/types\/post"}],"author":[{"embeddable":true,"href":"https:\/\/www.visionweb.com.ar\/index.php?rest_route=\/wp\/v2\/users\/3"}],"replies":[{"embeddable":true,"href":"https:\/\/www.visionweb.com.ar\/index.php?rest_route=%2Fwp%2Fv2%2Fcomments&post=13894"}],"version-history":[{"count":3,"href":"https:\/\/www.visionweb.com.ar\/index.php?rest_route=\/wp\/v2\/posts\/13894\/revisions"}],"predecessor-version":[{"id":13899,"href":"https:\/\/www.visionweb.com.ar\/index.php?rest_route=\/wp\/v2\/posts\/13894\/revisions\/13899"}],"wp:featuredmedia":[{"embeddable":true,"href":"https:\/\/www.visionweb.com.ar\/index.php?rest_route=\/wp\/v2\/media\/13895"}],"wp:attachment":[{"href":"https:\/\/www.visionweb.com.ar\/index.php?rest_route=%2Fwp%2Fv2%2Fmedia&parent=13894"}],"wp:term":[{"taxonomy":"category","embeddable":true,"href":"https:\/\/www.visionweb.com.ar\/index.php?rest_route=%2Fwp%2Fv2%2Fcategories&post=13894"},{"taxonomy":"post_tag","embeddable":true,"href":"https:\/\/www.visionweb.com.ar\/index.php?rest_route=%2Fwp%2Fv2%2Ftags&post=13894"}],"curies":[{"name":"wp","href":"https:\/\/api.w.org\/{rel}","templated":true}]}}