{"id":13887,"date":"2024-03-11T11:21:05","date_gmt":"2024-03-11T14:21:05","guid":{"rendered":"https:\/\/www.visionweb.com.ar\/?p=13887"},"modified":"2024-03-11T11:25:05","modified_gmt":"2024-03-11T14:25:05","slug":"tormentas-alertas-amarilla-y-naranja-para-casi-toda-la-provincia-de-buenos-aires","status":"publish","type":"post","link":"https:\/\/www.visionweb.com.ar\/?p=13887","title":{"rendered":"Tormentas: Alertas amarilla y naranja para casi toda la provincia de Buenos Aires"},"content":{"rendered":"<p><em><strong>Esta vez los distritos que quedaron fuera del anuncio son los de la costa del sudeste bonaerense y del sur provincial.<\/strong><\/em><!--more--><\/p>\n<p><img loading=\"lazy\" decoding=\"async\" class=\"size-medium wp-image-13888 alignright\" src=\"https:\/\/www.visionweb.com.ar\/wp-content\/uploads\/2024\/03\/ALERTAS-POR-TORMENTAS-300x164.png\" alt=\"\" width=\"300\" height=\"164\" srcset=\"https:\/\/www.visionweb.com.ar\/wp-content\/uploads\/2024\/03\/ALERTAS-POR-TORMENTAS-300x164.png 300w, https:\/\/www.visionweb.com.ar\/wp-content\/uploads\/2024\/03\/ALERTAS-POR-TORMENTAS.png 640w\" sizes=\"auto, (max-width: 300px) 100vw, 300px\" \/>El Servicio Meteorol\u00f3gico Nacional (SMN)\u00a0<strong>emiti\u00f3 alertas naranja y amarilla por tormentas\u00a0<\/strong>para gran parte del territorio de la provincia de Buenos Aires.<\/p>\n<p>Esta vez, los distritos que quedaron fuera del anuncio son los de la costa del sudeste bonaerense y del sur.<\/p>\n<p>El anuncio rige desde este domingo a las 18 y\u00a0<strong>alcanzar\u00e1 toda la jornada del lunes 11 de marzo.<\/strong>\u00a0De acuerdo a las advertencias del SMN, los niveles de alerta determinan lo siguiente:<\/p>\n<p><strong>Naranja:<\/strong>\u00a0Se esperan fen\u00f3menos meteorol\u00f3gicos peligrosos para la sociedad, la vida, los bienes y el medio ambiente.<\/p>\n<p><strong>Amarilla:<\/strong>\u00a0Posibles fen\u00f3menos meteorol\u00f3gicos con capacidad de da\u00f1o y riesgo de interrupci\u00f3n moment\u00e1nea de actividades cotidianas.<\/p>\n<p>Las tormentas tambi\u00e9n afectar\u00e1n el sur de las provincias de Entre R\u00edos, Santa Fe y C\u00f3rdoba; norte de La Pampa, San Luis, y este y centro de Mendoza<strong>(VW)<\/strong>.<\/p>\n","protected":false},"excerpt":{"rendered":"<p>Esta vez los distritos que quedaron fuera del anuncio son los de la costa del sudeste bonaerense y del sur provincial.<\/p>\n","protected":false},"author":3,"featured_media":13888,"comment_status":"closed","ping_status":"closed","sticky":false,"template":"","format":"standard","meta":{"_monsterinsights_skip_tracking":false,"_monsterinsights_sitenote_active":false,"_monsterinsights_sitenote_note":"","_monsterinsights_sitenote_category":0,"footnotes":""},"categories":[8],"tags":[3451,5811,5400],"class_list":["post-13887","post","type-post","status-publish","format-standard","has-post-thumbnail","hentry","category-interes-general","tag-alertas","tag-basas","tag-tormentas"],"_links":{"self":[{"href":"https:\/\/www.visionweb.com.ar\/index.php?rest_route=\/wp\/v2\/posts\/13887","targetHints":{"allow":["GET"]}}],"collection":[{"href":"https:\/\/www.visionweb.com.ar\/index.php?rest_route=\/wp\/v2\/posts"}],"about":[{"href":"https:\/\/www.visionweb.com.ar\/index.php?rest_route=\/wp\/v2\/types\/post"}],"author":[{"embeddable":true,"href":"https:\/\/www.visionweb.com.ar\/index.php?rest_route=\/wp\/v2\/users\/3"}],"replies":[{"embeddable":true,"href":"https:\/\/www.visionweb.com.ar\/index.php?rest_route=%2Fwp%2Fv2%2Fcomments&post=13887"}],"version-history":[{"count":3,"href":"https:\/\/www.visionweb.com.ar\/index.php?rest_route=\/wp\/v2\/posts\/13887\/revisions"}],"predecessor-version":[{"id":13891,"href":"https:\/\/www.visionweb.com.ar\/index.php?rest_route=\/wp\/v2\/posts\/13887\/revisions\/13891"}],"wp:featuredmedia":[{"embeddable":true,"href":"https:\/\/www.visionweb.com.ar\/index.php?rest_route=\/wp\/v2\/media\/13888"}],"wp:attachment":[{"href":"https:\/\/www.visionweb.com.ar\/index.php?rest_route=%2Fwp%2Fv2%2Fmedia&parent=13887"}],"wp:term":[{"taxonomy":"category","embeddable":true,"href":"https:\/\/www.visionweb.com.ar\/index.php?rest_route=%2Fwp%2Fv2%2Fcategories&post=13887"},{"taxonomy":"post_tag","embeddable":true,"href":"https:\/\/www.visionweb.com.ar\/index.php?rest_route=%2Fwp%2Fv2%2Ftags&post=13887"}],"curies":[{"name":"wp","href":"https:\/\/api.w.org\/{rel}","templated":true}]}}