{"id":13882,"date":"2024-03-11T09:30:01","date_gmt":"2024-03-11T12:30:01","guid":{"rendered":"https:\/\/www.visionweb.com.ar\/?p=13882"},"modified":"2024-03-11T09:30:01","modified_gmt":"2024-03-11T12:30:01","slug":"diputados-bonaerenses-habra-hoy-un-encuentro-conjunto-informativo","status":"publish","type":"post","link":"https:\/\/www.visionweb.com.ar\/?p=13882","title":{"rendered":"Diputados bonaerenses: Habr\u00e1 hoy un encuentro conjunto informativo"},"content":{"rendered":"<p><em><strong>Arranca la semana con un encuentro conjunto de comisiones.<\/strong><\/em><!--more--><\/p>\n<p><strong> <img loading=\"lazy\" decoding=\"async\" class=\"size-medium wp-image-13883 alignright\" src=\"https:\/\/www.visionweb.com.ar\/wp-content\/uploads\/2024\/03\/diputados-bonaerenses-300x175.png\" alt=\"\" width=\"300\" height=\"175\" srcset=\"https:\/\/www.visionweb.com.ar\/wp-content\/uploads\/2024\/03\/diputados-bonaerenses-300x175.png 300w, https:\/\/www.visionweb.com.ar\/wp-content\/uploads\/2024\/03\/diputados-bonaerenses.png 555w\" sizes=\"auto, (max-width: 300px) 100vw, 300px\" \/>\u00a0 L<\/strong>os legisladores que integran diferentes\u00a0<strong>comisiones\u00a0<\/strong>de la\u00a0<strong>C\u00e1mara de Diputados bonaerense\u00a0<\/strong>mantendr\u00e1n un encuentro conjunto informativo a partir de las 10 horas, en las salas 7 y 8 del anexo, ubicado en 53 entre 8 y 9 de\u00a0<strong>La Plata<\/strong>, capital de la\u00a0<strong>provincia de Buenos Aires<\/strong>.<\/p>\n<p>En rigor, las comisiones de\u00a0<strong>Ambiente y Desarrollo Sostenible<\/strong>, de\u00a0<strong>Legislaci\u00f3n General<\/strong>, de\u00a0<strong>Asuntos Constitucionales y Justicia<\/strong>\u00a0y de\u00a0<strong>Presupuesto e Impuestos<\/strong>\u00a0fueron las convocadas por el titular de la\u00a0<strong>C\u00e1mara de Diputados bonaerense<\/strong>,\u00a0<strong>Alejandro Dichiara<\/strong>, para asistir a la\u00a0<strong>Legislatura<\/strong>.<\/p>\n<p>Vale precisar que, el pasado lunes los\u00a0<strong>diputados bonaerenses\u00a0<\/strong>oficializaron la designaci\u00f3n de las 46 presidencias de las comisiones que tiene la\u00a0<strong>C\u00e1mara baja\u00a0<\/strong>de la\u00a0<strong>provincia de Buenos Aires<\/strong>. En tanto que, en la sesi\u00f3n extraordinaria, que llevaron a cabo los legisladores en febrero, se aprob\u00f3 la modificaci\u00f3n del reglamento.<\/p>\n<p>En efecto, la modificaci\u00f3n del art\u00edculo 50 del\u00a0<strong>Reglamento\u00a0<\/strong>de la\u00a0<strong>C\u00e1mara de Diputados bonaerense<\/strong>\u00a0implement\u00f3, entre otras, que la comisi\u00f3n de\u00a0<strong>Legislaci\u00f3n General\u00a0<\/strong>pase de 13 a 15 miembros, al tiempo que la de\u00a0<strong>Ambiente y Desarrollo Sostenible<\/strong>\u00a0pase de 7 a 13 integrantes.<\/p>\n<p>Las comisiones que se reunir\u00e1n este lunes a las 10 horas quedaron titularizadas por:\u00a0<strong>Susana Haydee Gonz\u00e1lez<\/strong>\u00a0en\u00a0<strong>Asuntos Constitucionales y Justicia<\/strong>,\u00a0<strong>Juan Pablo de Jes\u00fas<\/strong>\u00a0en\u00a0<strong>Presupuesto e Impuestos<\/strong>,\u00a0<strong>Micaela Edith Olivetto<\/strong>\u00a0en\u00a0<strong>Ambiente y Desarrollo Sostenible<\/strong>\u00a0y\u00a0<strong>Rub\u00e9n Eslaiman<\/strong>\u00a0en\u00a0<strong>Legislaci\u00f3n General<\/strong>.<\/p>\n<p>En este sentido, todos los titulares de las comisiones de la\u00a0<strong>C\u00e1mara de Diputados bonaerenses<\/strong>\u00a0convocadas por\u00a0<strong>Dichiara\u00a0<\/strong>pertenecen al mismo bloque, es decir a\u00a0<strong>Uni\u00f3n por la Patria<\/strong>, que tambi\u00e9n es al que responde el gobernador de la\u00a0<strong>provincia de Buenos Aires<\/strong>,\u00a0<strong>Axel Kicillof<\/strong>.<\/p>\n<p>Asimismo, la reuni\u00f3n conjunta de comisiones de los\u00a0<strong>diputados bonaerenses<\/strong>\u00a0responde a uno de los objetivos que tiene en agenda el\u00a0<strong>legislador Dichiara\u00a0<\/strong>para el 152\u00b0 per\u00edodo que encabeza desde el pasado 10 de diciembre.<\/p>\n<p>De hecho, al momento de asumir, el flamante titular de la\u00a0<strong>C\u00e1mara de Diputados<\/strong>\u00a0manifest\u00f3 su agradecimiento para todos los que confiaron en \u00e9l para ocupar el cargo, al tiempo que se comprometi\u00f3 a \u201ctrabajar a diario y a destajo para tratar de cumplir con las expectativas que han puesto\u201d en su presidencia.<\/p>\n<p>Por otra parte, la\u00a0<strong>C\u00e1mara\u00a0<\/strong>baja tendr\u00e1 el martes a partir de las 10 horas el habitual evento de reconocimiento a las mujeres emprendedoras de la\u00a0<strong>provincia de Buenos Aires<\/strong>\u00a0en el sal\u00f3n\u00a0<strong>Auditorio<\/strong>, ubicado en el anexo de la\u00a0<strong>Legislatura bonaerense<\/strong>. <strong>(VW)<\/strong><\/p>\n","protected":false},"excerpt":{"rendered":"<p>Arranca la semana con un encuentro conjunto de comisiones.<\/p>\n","protected":false},"author":4,"featured_media":13883,"comment_status":"closed","ping_status":"closed","sticky":false,"template":"","format":"standard","meta":{"_monsterinsights_skip_tracking":false,"_monsterinsights_sitenote_active":false,"_monsterinsights_sitenote_note":"","_monsterinsights_sitenote_category":0,"footnotes":""},"categories":[4],"tags":[5360,2301,5807,5808],"class_list":["post-13882","post","type-post","status-publish","format-standard","has-post-thumbnail","hentry","category-politica","tag-dichiara","tag-diputados-bonaerenses","tag-laplata","tag-reunion-informativa"],"_links":{"self":[{"href":"https:\/\/www.visionweb.com.ar\/index.php?rest_route=\/wp\/v2\/posts\/13882","targetHints":{"allow":["GET"]}}],"collection":[{"href":"https:\/\/www.visionweb.com.ar\/index.php?rest_route=\/wp\/v2\/posts"}],"about":[{"href":"https:\/\/www.visionweb.com.ar\/index.php?rest_route=\/wp\/v2\/types\/post"}],"author":[{"embeddable":true,"href":"https:\/\/www.visionweb.com.ar\/index.php?rest_route=\/wp\/v2\/users\/4"}],"replies":[{"embeddable":true,"href":"https:\/\/www.visionweb.com.ar\/index.php?rest_route=%2Fwp%2Fv2%2Fcomments&post=13882"}],"version-history":[{"count":1,"href":"https:\/\/www.visionweb.com.ar\/index.php?rest_route=\/wp\/v2\/posts\/13882\/revisions"}],"predecessor-version":[{"id":13884,"href":"https:\/\/www.visionweb.com.ar\/index.php?rest_route=\/wp\/v2\/posts\/13882\/revisions\/13884"}],"wp:featuredmedia":[{"embeddable":true,"href":"https:\/\/www.visionweb.com.ar\/index.php?rest_route=\/wp\/v2\/media\/13883"}],"wp:attachment":[{"href":"https:\/\/www.visionweb.com.ar\/index.php?rest_route=%2Fwp%2Fv2%2Fmedia&parent=13882"}],"wp:term":[{"taxonomy":"category","embeddable":true,"href":"https:\/\/www.visionweb.com.ar\/index.php?rest_route=%2Fwp%2Fv2%2Fcategories&post=13882"},{"taxonomy":"post_tag","embeddable":true,"href":"https:\/\/www.visionweb.com.ar\/index.php?rest_route=%2Fwp%2Fv2%2Ftags&post=13882"}],"curies":[{"name":"wp","href":"https:\/\/api.w.org\/{rel}","templated":true}]}}