{"id":13879,"date":"2024-03-08T14:00:48","date_gmt":"2024-03-08T17:00:48","guid":{"rendered":"https:\/\/www.visionweb.com.ar\/?p=13879"},"modified":"2024-03-08T14:00:48","modified_gmt":"2024-03-08T17:00:48","slug":"hasta-el-fmi-pidio-preservar-el-valor-de-las-jubilaciones","status":"publish","type":"post","link":"https:\/\/www.visionweb.com.ar\/?p=13879","title":{"rendered":"Hasta el FMI pidi\u00f3 preservar el valor de las jubilaciones"},"content":{"rendered":"<p><em><strong>A trav\u00e9s de su portavoz, el FMI marc\u00f3 que el ajuste de Milei est\u00e1 recayendo en las personas m\u00e1s pobres. A la vez destac\u00f3 \u00abambicioso plan de estabilizaci\u00f3n\u00bb.<\/strong><\/em><!--more--><\/p>\n<p><strong> <img loading=\"lazy\" decoding=\"async\" class=\"size-medium wp-image-13880 alignright\" src=\"https:\/\/www.visionweb.com.ar\/wp-content\/uploads\/2024\/03\/FMI-300x170.png\" alt=\"\" width=\"300\" height=\"170\" srcset=\"https:\/\/www.visionweb.com.ar\/wp-content\/uploads\/2024\/03\/FMI-300x170.png 300w, https:\/\/www.visionweb.com.ar\/wp-content\/uploads\/2024\/03\/FMI.png 529w\" sizes=\"auto, (max-width: 300px) 100vw, 300px\" \/>\u00a0 E<\/strong>l <strong>Fondo Monetario Internacional (FMI) <\/strong>consider\u00f3 que el Gobierno argentino debe reforzar la asistencia social\u00a0para <strong>evitar que el ajuste fiscal \u201crecaiga desproporcionadamente\u201d sobre salarios, jubilaciones y el segmento m\u00e1s pobre de la poblaci\u00f3n<\/strong>.<\/p>\n<p>Efectivamente, la vocera oficial del organismo de cr\u00e9dito,<strong>\u00a0Julie Kozack<\/strong>, se refiri\u00f3 ayer a la situaci\u00f3n del pa\u00eds en su habitual conferencia de prensa.<\/p>\n<p>En principio, la vocera destac\u00f3 el \u00ab<strong>ambicioso plan de estabilizaci\u00f3n<\/strong>\u00bb que est\u00e1 aplicando Milei y su ministro de Econom\u00eda,\u00a0<strong>Luis Caputo<\/strong>. \u00abSe est\u00e1 avanzando a buen ritmo, pero el camino hacia la estabilizaci\u00f3n ser\u00e1 dif\u00edcil y eso requiere una aplicaci\u00f3n firme de las pol\u00edticas y una elaboraci\u00f3n \u00e1gil\u00bb, indic\u00f3<\/p>\n<p>Paralelamente,\u00a0<strong>Kozack se mostr\u00f3 preocupada por \u00abla delicad\u00edsima situaci\u00f3n social<\/strong>, junto con los ya muy elevados \u00edndices de pobreza de Argentina\u00bb. En este punto,\u00a0<strong>marc\u00f3 la necesidad de \u00abasegurar una asistencia social adicional y preservar el valor real de las jubilaciones\u00bb<\/strong>, algo no tan contemplado en las medidas que viene aplicando el Gobierno.<\/p>\n<p><strong>\u201cEl esfuerzo para proteger a los m\u00e1s vulnerables es un pilar fundamental del programa para evitar que el peso del ajuste no caiga desproporcionadamente sobre las familias pobres y trabajadoras\u201d<\/strong>, evalu\u00f3 la funcionaria, en conferencia de prensa desde Washington.<\/p>\n<p>\u00abEs muy importante para nosotros que <strong>bajo el programa, la carga del ajuste no recaiga sobre las familias trabajadoras y los segmentos m\u00e1s vulnerables de la poblaci\u00f3n<\/strong>\u00ab, lanz\u00f3 la vocera.<\/p>\n<p>Al ver que esto es lo que est\u00e1 pasando, la funcionaria sostuvo que \u00ab<strong>son necesarios esfuerzos sostenidos para apoyar a los segmentos vulnerables de la poblaci\u00f3n<\/strong>\u00ab.<\/p>\n<p>Kozack consider\u00f3 adem\u00e1s que \u201c<strong>la consolidaci\u00f3n fiscal fuerte, el freno a la emisi\u00f3n monetaria y la pol\u00edtica cambiaria est\u00e1n dando resultados<\/strong>, con la inflaci\u00f3n empezando a bajar\u201d.<\/p>\n<p>\u201c\u00bfPor qu\u00e9 esto es importante? Porque\u00a0<strong>la inflaci\u00f3n es un impuesto sobre los pobres<\/strong>. Dada la delicada situaci\u00f3n social,\u00a0junto con las ya altas tasas de pobreza en Argentina, ser\u00e1 importante asegurar asistencia social adicional y <strong>preservar el\u00a0valor real de las pensiones<\/strong>\u201d, enfatiz\u00f3. <strong>(VW)<\/strong><\/p>\n","protected":false},"excerpt":{"rendered":"<p>A trav\u00e9s de su portavoz, el FMI marc\u00f3 que el ajuste de Milei est\u00e1 recayendo en las personas m\u00e1s pobres. A la vez destac\u00f3 \u00abambicioso plan de estabilizaci\u00f3n\u00bb.<\/p>\n","protected":false},"author":4,"featured_media":13880,"comment_status":"closed","ping_status":"closed","sticky":false,"template":"","format":"standard","meta":{"_monsterinsights_skip_tracking":false,"_monsterinsights_sitenote_active":false,"_monsterinsights_sitenote_note":"","_monsterinsights_sitenote_category":0,"footnotes":""},"categories":[6,4],"tags":[1008,5805,5804,5806],"class_list":["post-13879","post","type-post","status-publish","format-standard","has-post-thumbnail","hentry","category-economia","category-politica","tag-fmi","tag-gobierno-de-milei","tag-julie-kozack","tag-preservar-el-valor-de-las-jubilaciones"],"_links":{"self":[{"href":"https:\/\/www.visionweb.com.ar\/index.php?rest_route=\/wp\/v2\/posts\/13879","targetHints":{"allow":["GET"]}}],"collection":[{"href":"https:\/\/www.visionweb.com.ar\/index.php?rest_route=\/wp\/v2\/posts"}],"about":[{"href":"https:\/\/www.visionweb.com.ar\/index.php?rest_route=\/wp\/v2\/types\/post"}],"author":[{"embeddable":true,"href":"https:\/\/www.visionweb.com.ar\/index.php?rest_route=\/wp\/v2\/users\/4"}],"replies":[{"embeddable":true,"href":"https:\/\/www.visionweb.com.ar\/index.php?rest_route=%2Fwp%2Fv2%2Fcomments&post=13879"}],"version-history":[{"count":1,"href":"https:\/\/www.visionweb.com.ar\/index.php?rest_route=\/wp\/v2\/posts\/13879\/revisions"}],"predecessor-version":[{"id":13881,"href":"https:\/\/www.visionweb.com.ar\/index.php?rest_route=\/wp\/v2\/posts\/13879\/revisions\/13881"}],"wp:featuredmedia":[{"embeddable":true,"href":"https:\/\/www.visionweb.com.ar\/index.php?rest_route=\/wp\/v2\/media\/13880"}],"wp:attachment":[{"href":"https:\/\/www.visionweb.com.ar\/index.php?rest_route=%2Fwp%2Fv2%2Fmedia&parent=13879"}],"wp:term":[{"taxonomy":"category","embeddable":true,"href":"https:\/\/www.visionweb.com.ar\/index.php?rest_route=%2Fwp%2Fv2%2Fcategories&post=13879"},{"taxonomy":"post_tag","embeddable":true,"href":"https:\/\/www.visionweb.com.ar\/index.php?rest_route=%2Fwp%2Fv2%2Ftags&post=13879"}],"curies":[{"name":"wp","href":"https:\/\/api.w.org\/{rel}","templated":true}]}}