{"id":13873,"date":"2024-03-08T11:15:21","date_gmt":"2024-03-08T14:15:21","guid":{"rendered":"https:\/\/www.visionweb.com.ar\/?p=13873"},"modified":"2024-03-08T11:15:21","modified_gmt":"2024-03-08T14:15:21","slug":"medicamentos-los-aumentos-de-precio-no-paran","status":"publish","type":"post","link":"https:\/\/www.visionweb.com.ar\/?p=13873","title":{"rendered":"Medicamentos: Los aumentos de precio no paran"},"content":{"rendered":"<p><em><strong>Cada ves se complica m\u00e1s el acceso a la compra de medicamentos, en especial para los jubilados por los aumentos que en la mayor\u00eda de los casos se ubican por encima de la inflaci\u00f3n.<\/strong><\/em> <!--more--><\/p>\n<p><img loading=\"lazy\" decoding=\"async\" class=\"size-medium wp-image-5423 alignleft\" src=\"https:\/\/www.visionweb.com.ar\/wp-content\/uploads\/2022\/04\/MEDICAMENTOS-300x137.png\" alt=\"\" width=\"300\" height=\"137\" srcset=\"https:\/\/www.visionweb.com.ar\/wp-content\/uploads\/2022\/04\/MEDICAMENTOS-300x137.png 300w, https:\/\/www.visionweb.com.ar\/wp-content\/uploads\/2022\/04\/MEDICAMENTOS.png 640w\" sizes=\"auto, (max-width: 300px) 100vw, 300px\" \/>Los precios de los medicamentos no escapan a la din\u00e1mica de la inflaci\u00f3n. Sin embargo, en los \u00faltimos tres meses, la curva de los aumentos se intensific\u00f3 y deterior\u00f3 a\u00fan m\u00e1s la capacidad de compra de todos los consumidores.<\/p>\n<p>\u00ab<strong>Hay una baja de ventas en los mostradores de las farmacias debido a que desde el 1\u00ba de noviembre<\/strong> hubo un aumento de aproximadamente 120% en lo que respecta a medicamentos de venta libre y productos de perfumer\u00eda\u00bb, coment\u00f3 al respecto el presidente del Colegio de Farmac\u00e9uticos de La Plata, Agust\u00edn Kostiria, de acuerdo con el portal de noticias 0221.<\/p>\n<div class=\"container-spot\" data-tipo=\"tipo_desktop\" data-pos=\"P1_cuerpo\">\n<div class=\" lazyloaded\" data-gpt=\"\/22596213376\/nota\/P1_cuerpo_desktop\" data-size=\"[[728, 90]]\" data-expand=\"300\">\n<div id=\"pppSlot1\">El referente del sector, en ese sentido, precis\u00f3 que \u00abEsta tendencia se manifesto especialmente en productos como anti\u00e1cidos, antiespasm\u00f3dicos y antiinflamatorios, fundamentales para el tratamiento de diversas afecciones estomacales y musculares.<\/div>\n<\/div>\n<\/div>\n<p>Adem\u00e1s,\u00a0 Kostiria aclar\u00f3 que los medicamentos que mejor mantuvieron sus ventas fueron aquellos que apuntan a tratamientos largos y dolencias cr\u00f3nicas, aunque s\u00ed advirti\u00f3 que los aumentos dificultan cada vez m\u00e1s la capacidad de los pacientes de poder acceder a la compa de sus medicamentos.<\/p>\n<div class=\"container-spot\" data-tipo=\"tipo_desktop\" data-pos=\"P2_cuerpo\">\n<div class=\" lazyloaded\" data-gpt=\"\/22596213376\/nota\/P2_cuerpo_desktop\" data-size=\"[[728, 90]]\" data-expand=\"300\">\n<div id=\"pppSlot2\">Los medicamentos m\u00e1s consumidos por adultos mayores, por ejemplo, tuvieron, en los \u00faltimos meses, una suba en sus precios de hasta 83%, con un promedio de suba de 31%, en todos los casos por encima de la inflaci\u00f3n.<\/div>\n<\/div>\n<\/div>\n<p>Los medicamentos que m\u00e1s aumentaron entre diciembre de 2023 y enero de 2024 son Derrumal 300 (83%), un f\u00e1rmaco contra la artrosis y Daflon 500 (45%), contra las v\u00e1rices. Le siguen Ibupirac 600 mg, Travatan, Dermagl\u00f3s, Macril (25%); Atenolol Gador, Aldactone A, Aspirina Prevent y Trapax (20%)<strong>(VW)<\/strong>.<\/p>\n","protected":false},"excerpt":{"rendered":"<p>Cada ves se complica m\u00e1s el acceso a la compra de medicamentos, en especial para los jubilados por los aumentos que en la mayor\u00eda de los casos se ubican por encima de la inflaci\u00f3n.<\/p>\n","protected":false},"author":3,"featured_media":5423,"comment_status":"closed","ping_status":"closed","sticky":false,"template":"","format":"standard","meta":{"_monsterinsights_skip_tracking":false,"_monsterinsights_sitenote_active":false,"_monsterinsights_sitenote_note":"","_monsterinsights_sitenote_category":0,"footnotes":""},"categories":[3],"tags":[141,4961,77,1280,3882],"class_list":["post-13873","post","type-post","status-publish","format-standard","has-post-thumbnail","hentry","category-actualidad","tag-aumentos","tag-consumidores","tag-inflacion","tag-medicamentos","tag-tercera-edad"],"_links":{"self":[{"href":"https:\/\/www.visionweb.com.ar\/index.php?rest_route=\/wp\/v2\/posts\/13873","targetHints":{"allow":["GET"]}}],"collection":[{"href":"https:\/\/www.visionweb.com.ar\/index.php?rest_route=\/wp\/v2\/posts"}],"about":[{"href":"https:\/\/www.visionweb.com.ar\/index.php?rest_route=\/wp\/v2\/types\/post"}],"author":[{"embeddable":true,"href":"https:\/\/www.visionweb.com.ar\/index.php?rest_route=\/wp\/v2\/users\/3"}],"replies":[{"embeddable":true,"href":"https:\/\/www.visionweb.com.ar\/index.php?rest_route=%2Fwp%2Fv2%2Fcomments&post=13873"}],"version-history":[{"count":1,"href":"https:\/\/www.visionweb.com.ar\/index.php?rest_route=\/wp\/v2\/posts\/13873\/revisions"}],"predecessor-version":[{"id":13874,"href":"https:\/\/www.visionweb.com.ar\/index.php?rest_route=\/wp\/v2\/posts\/13873\/revisions\/13874"}],"wp:featuredmedia":[{"embeddable":true,"href":"https:\/\/www.visionweb.com.ar\/index.php?rest_route=\/wp\/v2\/media\/5423"}],"wp:attachment":[{"href":"https:\/\/www.visionweb.com.ar\/index.php?rest_route=%2Fwp%2Fv2%2Fmedia&parent=13873"}],"wp:term":[{"taxonomy":"category","embeddable":true,"href":"https:\/\/www.visionweb.com.ar\/index.php?rest_route=%2Fwp%2Fv2%2Fcategories&post=13873"},{"taxonomy":"post_tag","embeddable":true,"href":"https:\/\/www.visionweb.com.ar\/index.php?rest_route=%2Fwp%2Fv2%2Ftags&post=13873"}],"curies":[{"name":"wp","href":"https:\/\/api.w.org\/{rel}","templated":true}]}}