{"id":13871,"date":"2024-03-07T10:19:24","date_gmt":"2024-03-07T13:19:24","guid":{"rendered":"https:\/\/www.visionweb.com.ar\/?p=13871"},"modified":"2024-03-07T10:19:24","modified_gmt":"2024-03-07T13:19:24","slug":"educacion-el-gobierno-enviara-fondos-a-las-provincias","status":"publish","type":"post","link":"https:\/\/www.visionweb.com.ar\/?p=13871","title":{"rendered":"Educaci\u00f3n: El Gobierno enviar\u00e1 fondos a las provincias"},"content":{"rendered":"<p><strong><em>Se prorrog\u00f3 un art\u00edculo de la Ley de Financiamiento Educativo. Tambi\u00e9n el Gobierno anunci\u00f3 el env\u00edo de fondos para financiar la jornada completa en escuelas primarias de todo el pa\u00eds.<\/em><\/strong><!--more--><\/p>\n<p><strong><img loading=\"lazy\" decoding=\"async\" class=\"size-medium wp-image-13216 alignright\" src=\"https:\/\/www.visionweb.com.ar\/wp-content\/uploads\/2024\/01\/Milei-Javier-300x206.png\" alt=\"\" width=\"300\" height=\"206\" srcset=\"https:\/\/www.visionweb.com.ar\/wp-content\/uploads\/2024\/01\/Milei-Javier-300x206.png 300w, https:\/\/www.visionweb.com.ar\/wp-content\/uploads\/2024\/01\/Milei-Javier.png 502w\" sizes=\"auto, (max-width: 300px) 100vw, 300px\" \/>\u00a0\u00a0 A<\/strong> un d\u00eda del encuentro con gobernadores, el <strong>Gobierno Nacional prorrog\u00f3 la vigencia de un art\u00edculo de la Ley 26.075 de Financiamiento Educativo<\/strong>, y enviar\u00e1 los fondos a las provincias tras las disputas por los recortes.<\/p>\n<p>As\u00ed se resolvi\u00f3 a trav\u00e9s del <strong>Decreto 231\/2024<\/strong>, publicado este jueves en el Bolet\u00edn Oficial, donde se estableci\u00f3 que \u201cla situaci\u00f3n econ\u00f3mica y social del pa\u00eds que requiere que se garantice la disponibilidad de fondos\u201d y que ante la falta de Presupuesto 2024, funcionando con el del a\u00f1o pasado, \u201cresulta necesario y <strong>urgente incorporar disposiciones complementarias a la pr\u00f3rroga<\/strong>, necesarias para <strong>garantizar el financiamiento del sistema educativo nacional<\/strong>\u201d.<\/p>\n<p>De esta forma, la medida establece \u201cla vigencia para el Ejercicio Fiscal 2024 del art\u00edculo 7\u00b0 de la Ley N\u00b0 26.075, en concordancia con lo dispuesto en los art\u00edculos 9\u00b0 y 11 de la Ley de Educaci\u00f3n Nacional N\u00b0 26.206 y sus modificatorias, teniendo en mira los fines, objetivos y metas de la pol\u00edtica educativa nacional y asegurando el reparto autom\u00e1tico de los recursos a los ministerios de Educaci\u00f3n u organismos equivalentes de las Provincias y de la ciudad aut\u00f3noma de Buenos Aires y a los Municipios, para cubrir gastos estrictamente ligados a la finalidad y funci\u00f3n educaci\u00f3n\u201d.<\/p>\n<p>La medida de la pr\u00f3rroga llega tras los duros cuestionamientos de los gobiernos provinciales por la quita de recursos, muchos de los cuales estaban destinados a cuestiones educativas, como por ejemplo, el <strong>Fondo Nacional de Incentivo Docente<\/strong> (Fonid), que el gobierno nacional enviaba a las provincias para financiar un porcentaje de los salarios de los docentes.<\/p>\n<p>Adem\u00e1s, ayer el gobierno de Javier Milei <strong>anunci\u00f3 el env\u00edo de fondos para financiar la jornada completa en escuelas primarias de todo el pa\u00eds, luego de que la provincia de Buenos Aires hab\u00eda decidido suspender temporalmente el r\u00e9gimen en 60 escuelas<\/strong> primarias de 31 distritos por falta de recursos. <strong>(VW)<\/strong><\/p>\n","protected":false},"excerpt":{"rendered":"<p>Se prorrog\u00f3 un art\u00edculo de la Ley de Financiamiento Educativo. Tambi\u00e9n el Gobierno anunci\u00f3 el env\u00edo de fondos para financiar la jornada completa en escuelas primarias de todo el pa\u00eds.<\/p>\n","protected":false},"author":4,"featured_media":13216,"comment_status":"closed","ping_status":"closed","sticky":false,"template":"","format":"standard","meta":{"_monsterinsights_skip_tracking":false,"_monsterinsights_sitenote_active":false,"_monsterinsights_sitenote_note":"","_monsterinsights_sitenote_category":0,"footnotes":""},"categories":[6,4],"tags":[5800,203],"class_list":["post-13871","post","type-post","status-publish","format-standard","has-post-thumbnail","hentry","category-economia","category-politica","tag-fondos-para-educacion","tag-prorroga"],"_links":{"self":[{"href":"https:\/\/www.visionweb.com.ar\/index.php?rest_route=\/wp\/v2\/posts\/13871","targetHints":{"allow":["GET"]}}],"collection":[{"href":"https:\/\/www.visionweb.com.ar\/index.php?rest_route=\/wp\/v2\/posts"}],"about":[{"href":"https:\/\/www.visionweb.com.ar\/index.php?rest_route=\/wp\/v2\/types\/post"}],"author":[{"embeddable":true,"href":"https:\/\/www.visionweb.com.ar\/index.php?rest_route=\/wp\/v2\/users\/4"}],"replies":[{"embeddable":true,"href":"https:\/\/www.visionweb.com.ar\/index.php?rest_route=%2Fwp%2Fv2%2Fcomments&post=13871"}],"version-history":[{"count":1,"href":"https:\/\/www.visionweb.com.ar\/index.php?rest_route=\/wp\/v2\/posts\/13871\/revisions"}],"predecessor-version":[{"id":13872,"href":"https:\/\/www.visionweb.com.ar\/index.php?rest_route=\/wp\/v2\/posts\/13871\/revisions\/13872"}],"wp:featuredmedia":[{"embeddable":true,"href":"https:\/\/www.visionweb.com.ar\/index.php?rest_route=\/wp\/v2\/media\/13216"}],"wp:attachment":[{"href":"https:\/\/www.visionweb.com.ar\/index.php?rest_route=%2Fwp%2Fv2%2Fmedia&parent=13871"}],"wp:term":[{"taxonomy":"category","embeddable":true,"href":"https:\/\/www.visionweb.com.ar\/index.php?rest_route=%2Fwp%2Fv2%2Fcategories&post=13871"},{"taxonomy":"post_tag","embeddable":true,"href":"https:\/\/www.visionweb.com.ar\/index.php?rest_route=%2Fwp%2Fv2%2Ftags&post=13871"}],"curies":[{"name":"wp","href":"https:\/\/api.w.org\/{rel}","templated":true}]}}