{"id":13867,"date":"2024-03-07T09:32:36","date_gmt":"2024-03-07T12:32:36","guid":{"rendered":"https:\/\/www.visionweb.com.ar\/?p=13867"},"modified":"2024-03-07T09:32:36","modified_gmt":"2024-03-07T12:32:36","slug":"lanus-julian-alvarez-encabezo-la-apertura-de-sesiones-ordinarias","status":"publish","type":"post","link":"https:\/\/www.visionweb.com.ar\/?p=13867","title":{"rendered":"Lan\u00fas: Juli\u00e1n \u00c1lvarez encabez\u00f3 la apertura de sesiones ordinarias"},"content":{"rendered":"<p><em><strong>El Intendente de Lan\u00fas brind\u00f3 un discurso en el que adelant\u00f3 los ejes de su gesti\u00f3n sobre la base de 50 compromisos. Detall\u00f3 el estado en el que recibi\u00f3 el municipio con fuertes cr\u00edticas al presidente Milei, y a Grindetti y Kravetz. El bloque PRO estuvo ausente.<\/strong><\/em><!--more--><\/p>\n<div id=\"attachment_13868\" style=\"width: 310px\" class=\"wp-caption alignright\"><img loading=\"lazy\" decoding=\"async\" aria-describedby=\"caption-attachment-13868\" class=\"wp-image-13868 size-medium\" src=\"https:\/\/www.visionweb.com.ar\/wp-content\/uploads\/2024\/03\/julian-alvarez-X-300x282.png\" alt=\"\" width=\"300\" height=\"282\" srcset=\"https:\/\/www.visionweb.com.ar\/wp-content\/uploads\/2024\/03\/julian-alvarez-X-300x282.png 300w, https:\/\/www.visionweb.com.ar\/wp-content\/uploads\/2024\/03\/julian-alvarez-X.png 474w\" sizes=\"auto, (max-width: 300px) 100vw, 300px\" \/><p id=\"caption-attachment-13868\" class=\"wp-caption-text\">Apertura de sesiones 2024. Foto: cuenta X Juli\u00e1n \u00c1lvarez<\/p><\/div>\n<p><strong> \u00a0\u00a0 E<\/strong>l intendente de <strong>Lan\u00fas<\/strong>,\u00a0<a href=\"https:\/\/twitter.com\/aJulianAlvarez\">Juli\u00e1n \u00c1lvarez<\/a>,\u00a0encabez\u00f3 la apertura del per\u00edodo de sesiones ordinarias del Concejo Deliberante con un acto que se desarroll\u00f3 ayer en la Universidad Nacional de Lan\u00fas (UNLa), con un discurso donde\u00a0<strong>critic\u00f3 a<\/strong>\u00a0<strong>Javier Milei, N\u00e9stor Grindetti\u00a0<\/strong>y\u00a0<strong>Diego Kravetz<\/strong>, <strong>record\u00f3 con elogios a Manuel Quindimil<\/strong>, y plante\u00f3 los <strong>nuevos compromisos<\/strong> hacia la comuna.<\/p>\n<p>En el inicio de su discurso, ante un auditorio compuesto por concejales, funcionarios y dirigentes peronistas de Lan\u00fas y de distritos vecinos, el jefe comunal subray\u00f3: \u201cEstamos en una condici\u00f3n dif\u00edcil para iniciar un gobierno local, <strong>pero no venimos a poner excusas o prometer cosas que no podemos cumplir<\/strong>\u00ab, dijo.<\/p>\n<p>\u00ab<strong>Queremos reconstruir el tejido social destruido por a\u00f1os de desidia. <\/strong>Es muy dif\u00edcil lograr el objetivo si tenemos un bloque macrista que ni siquiera viene al inicio de sesiones legislativas. Se pueden ver las sillas vac\u00edas\u00bb, exalt\u00f3 \u00c1lvarez.<\/p>\n<p>Mientras,\u00a0<strong>entre los compromisos que tendr\u00e1 su gesti\u00f3n, apunt\u00f3 a \u201cmejorar la seguridad\u201d, tambi\u00e9n la infraestructura y conectar de mejor manera el Este con el Oeste<\/strong>, entre otros varios puntos.<\/p>\n<p>Luego, se explay\u00f3 en cargar contra el macrismo local al manifestar que\u00a0<strong>el gobierno de Grindetti fue \u201cuna administraci\u00f3n marcada por el desorden\u201d, <\/strong>con<strong> \u201cun gabinete formado por personas que no nacieron ni viven en Lan\u00fas\u201d<\/strong>.<\/p>\n<p>\u201cDedicaron su tiempo a vendernos espejitos de colores, como la <strong>atenci\u00f3n pedi\u00e1trica por telemedicina, sistema que nunca funcion\u00f3, <\/strong>pero se publicit\u00f3 por todos lados mientras nuestras salas no cuentan con un esquema m\u00ednimo de pediatras\u201d, subray\u00f3 el intendente.<\/p>\n<p>Tambi\u00e9n, en sus cr\u00edticas al gobierno anterior record\u00f3 que \u201cusaban patrulleros para funcionarios\u201d y cuestion\u00f3 el \u201cmarketing en seguridad\u201d.<\/p>\n<p><img loading=\"lazy\" decoding=\"async\" class=\"size-medium wp-image-13869 alignleft\" src=\"https:\/\/www.visionweb.com.ar\/wp-content\/uploads\/2024\/03\/Julian-Alvarez-unla-300x213.png\" alt=\"\" width=\"300\" height=\"213\" srcset=\"https:\/\/www.visionweb.com.ar\/wp-content\/uploads\/2024\/03\/Julian-Alvarez-unla-300x213.png 300w, https:\/\/www.visionweb.com.ar\/wp-content\/uploads\/2024\/03\/Julian-Alvarez-unla.png 526w\" sizes=\"auto, (max-width: 300px) 100vw, 300px\" \/>Luego, se explay\u00f3 a Naci\u00f3n: \u201cAnte un Presidente con un profundo desprecio del Estado, nosotros somos la contracara. Venimos a demostrar mediante la gesti\u00f3n de un gobierno municipal eficiente, transparente y cercano a sus vecinos y vecinas que el Estado debe ser protagonista en la construcci\u00f3n de una sociedad m\u00e1s justa y solidaria\u201d, expres\u00f3 el intendente Juli\u00e1n \u00c1lvarez en la apertura de sesiones legislativas.<\/p>\n<p><strong>Compromisos de gesti\u00f3n:<\/strong><\/p>\n<p>\u00c1lvarez detall\u00f3 que Lan\u00fas era el \u00fanico distrito en la zona que no contaba con anillo digital para mejorar la seguridad, y en esa l\u00ednea anunci\u00f3 la <strong>creaci\u00f3n con 80 detectores de patente al ingreso de la ciudad<\/strong>.<\/p>\n<p>Entre otros puntos indic\u00f3 que trabajar\u00e1 en un <strong>nuevo c\u00f3digo de planeamiento urbano<\/strong> que restrinja la construcci\u00f3n descontrolada, nuevos pasos niveles, plantaci\u00f3n \u00e1rboles para mejorar las napas que est\u00e1n cerca del asfalto, alcanzar el 100 por 100 de barrido, creaci\u00f3n del parque central Las Colonias (que pasar\u00e1 por el HCD), 3 viveros municipales, implementaci\u00f3n de la ley de cupo laboral trans en el municipio.<\/p>\n<p>En la web\u00a0<a href=\"https:\/\/www.lanushoy.com.ar\/admin\/noticias\/compromisos.lanus.gob.ar\">compromisos.lanus.gob.ar<\/a>\u00a0se puede conocer el porcentaje de avance que tiene cada compromiso para una Lan\u00fas segura, ordenada, sustentable, productiva, integrada, accesible y eficiente, seg\u00fan consta en la misma.<\/p>\n<p>En el cierre, \u00c1lvarez se\u00f1al\u00f3: \u201cTenemos la <strong>responsabilidad de transformar este distrito<\/strong>. Llegamos porque vimos a un hombre y una mujer hacer lo que muchos dec\u00edan en campa\u00f1a y convocar a miles de argentinos. A ese hombre y mujer vaya nuestro homenaje. Gracias N\u00e9stor querido y Cristina por tu visi\u00f3n y coraje\u201d.<\/p>\n<p>En el acto, estuvieron presentes adem\u00e1s de los concejales del oficialismo, UCR y LLA, la diputada nacional, Luana Volnovich; la ministra de Ambiente provincial, Diana Vilar; su par de Seguridad, Javier Alonso; el senador nacional Mariano Recalde; su par provincial Emmanuel Gonz\u00e1lez Santalla; el diputado provincial, Nicol\u00e1s Russo; su par radical Nazarena Mesias; Jos\u00e9 Luis Pallares; Edgardo Depetri; el Defensor del Pueblo local, Facundo Mancebo; el titular del STML, Miguel Pedelhez, funcionarios locales, autoridades de la UNla, representantes del Centro de Veteranos de Malvinas, entre otros. <strong>(VW)<\/strong><\/p>\n<p>&nbsp;<\/p>\n","protected":false},"excerpt":{"rendered":"<p>El Intendente de Lan\u00fas brind\u00f3 un discurso en el que adelant\u00f3 los ejes de su gesti\u00f3n sobre la base de 50 compromisos. Detall\u00f3 el estado en el que recibi\u00f3 el municipio con fuertes cr\u00edticas&#46;&#46;&#46;<\/p>\n","protected":false},"author":4,"featured_media":13869,"comment_status":"closed","ping_status":"closed","sticky":false,"template":"","format":"standard","meta":{"_monsterinsights_skip_tracking":false,"_monsterinsights_sitenote_active":false,"_monsterinsights_sitenote_note":"","_monsterinsights_sitenote_category":0,"footnotes":""},"categories":[4],"tags":[5714,5799,5798,19,437],"class_list":["post-13867","post","type-post","status-publish","format-standard","has-post-thumbnail","hentry","category-politica","tag-apertura-sesiones-ordinarias","tag-compromisos-lanus","tag-juian-alvarez","tag-lanus","tag-unla"],"_links":{"self":[{"href":"https:\/\/www.visionweb.com.ar\/index.php?rest_route=\/wp\/v2\/posts\/13867","targetHints":{"allow":["GET"]}}],"collection":[{"href":"https:\/\/www.visionweb.com.ar\/index.php?rest_route=\/wp\/v2\/posts"}],"about":[{"href":"https:\/\/www.visionweb.com.ar\/index.php?rest_route=\/wp\/v2\/types\/post"}],"author":[{"embeddable":true,"href":"https:\/\/www.visionweb.com.ar\/index.php?rest_route=\/wp\/v2\/users\/4"}],"replies":[{"embeddable":true,"href":"https:\/\/www.visionweb.com.ar\/index.php?rest_route=%2Fwp%2Fv2%2Fcomments&post=13867"}],"version-history":[{"count":1,"href":"https:\/\/www.visionweb.com.ar\/index.php?rest_route=\/wp\/v2\/posts\/13867\/revisions"}],"predecessor-version":[{"id":13870,"href":"https:\/\/www.visionweb.com.ar\/index.php?rest_route=\/wp\/v2\/posts\/13867\/revisions\/13870"}],"wp:featuredmedia":[{"embeddable":true,"href":"https:\/\/www.visionweb.com.ar\/index.php?rest_route=\/wp\/v2\/media\/13869"}],"wp:attachment":[{"href":"https:\/\/www.visionweb.com.ar\/index.php?rest_route=%2Fwp%2Fv2%2Fmedia&parent=13867"}],"wp:term":[{"taxonomy":"category","embeddable":true,"href":"https:\/\/www.visionweb.com.ar\/index.php?rest_route=%2Fwp%2Fv2%2Fcategories&post=13867"},{"taxonomy":"post_tag","embeddable":true,"href":"https:\/\/www.visionweb.com.ar\/index.php?rest_route=%2Fwp%2Fv2%2Ftags&post=13867"}],"curies":[{"name":"wp","href":"https:\/\/api.w.org\/{rel}","templated":true}]}}