{"id":13864,"date":"2024-03-07T08:21:34","date_gmt":"2024-03-07T11:21:34","guid":{"rendered":"https:\/\/www.visionweb.com.ar\/?p=13864"},"modified":"2024-03-06T20:39:07","modified_gmt":"2024-03-06T23:39:07","slug":"los-trabajadores-municipales-de-lanus-recibieron-un-aumento-de-85-000","status":"publish","type":"post","link":"https:\/\/www.visionweb.com.ar\/?p=13864","title":{"rendered":"Los trabajadores municipales de Lan\u00fas recibieron un aumento de $85.000"},"content":{"rendered":"<p><em><strong>El beneficio se hizo efectivo con el cobro de los haberes de febrero. Para los sueldos m\u00e1s bajos representa un incremento de 102%.<\/strong><\/em><!--more--><\/p>\n<p><img loading=\"lazy\" decoding=\"async\" class=\"size-medium wp-image-13865 alignright\" src=\"https:\/\/www.visionweb.com.ar\/wp-content\/uploads\/2024\/03\/TRABAJADORES-MUNICIPALES-300x200.png\" alt=\"\" width=\"300\" height=\"200\" srcset=\"https:\/\/www.visionweb.com.ar\/wp-content\/uploads\/2024\/03\/TRABAJADORES-MUNICIPALES-300x200.png 300w, https:\/\/www.visionweb.com.ar\/wp-content\/uploads\/2024\/03\/TRABAJADORES-MUNICIPALES.png 640w\" sizes=\"auto, (max-width: 300px) 100vw, 300px\" \/>Los trabajadores municipales recibieron un aumento de $85.000 que se hizo efectivo con el cobro de los haberes correspondiente a febrero \u00faltimo.<\/p>\n<p>Con esta cifea, el personal municipal que reviste en la categor\u00eda m\u00e1s baja recibi\u00f3 un aumento del 102 por ciento de acuerdo a lo informado por la comuna.<\/p>\n<p data-andiallelmwithtext=\"15\">Las medidas econ\u00f3micas brutales del Gobierno Nacional afectan negativamente el bolsillo de nuestros vecinos y vecinas y, por ende, el de los trabajadores y trabajadoras municipales. Es por esto que tomamos esta decisi\u00f3n tan importante\u201d, afirm\u00f3 el intendente local, Juli\u00e1n \u00e4lavarz..<\/p>\n<p data-andiallelmwithtext=\"15\">\u201cEsta decisi\u00f3n implica fortalecer nuestro sistema de salud porque vamos a poder trabajar con m\u00e1s y mejores m\u00e9dicos. Tambi\u00e9n robustecer nuestros servicios p\u00fablicos porque vamos a llegar a un sistema de barrido del 95% del total de nuestro barrido, mientras la gesti\u00f3n anterior apenas alcanzaba el 60%\u201d, agreg\u00f3 en un comunicado de publicado en la p\u00e1gina oficial del municipio.<\/p>\n<p data-andiallelmwithtext=\"15\">Adem\u00e1s afirm\u00f3 que \u201cvamos a fortalecer nuestro sistema de Seguridad Ciudadana por el aumento remunerativo a nuestros trabajadores que nos cuidan todos los d\u00edas, por la capacitaci\u00f3n que les estamos dando y porque los autos que la gesti\u00f3n anterior utilizaba para sus funcionarios van a ser puestos en servicios de nuestra Seguridad Ciudadana para patrullar nuestras calles y cuidar a nuestros vecinos y vecinas\u201d<strong>(WP)<\/strong>.<\/p>\n<p>&nbsp;<\/p>\n","protected":false},"excerpt":{"rendered":"<p>El beneficio se hizo efectivo con el cobro de los haberes de febrero. Para los sueldos m\u00e1s bajos representa un incremento de 102%.<\/p>\n","protected":false},"author":3,"featured_media":13865,"comment_status":"closed","ping_status":"closed","sticky":false,"template":"","format":"standard","meta":{"_monsterinsights_skip_tracking":false,"_monsterinsights_sitenote_active":false,"_monsterinsights_sitenote_note":"","_monsterinsights_sitenote_category":0,"footnotes":""},"categories":[8,4],"tags":[],"class_list":["post-13864","post","type-post","status-publish","format-standard","has-post-thumbnail","hentry","category-interes-general","category-politica"],"_links":{"self":[{"href":"https:\/\/www.visionweb.com.ar\/index.php?rest_route=\/wp\/v2\/posts\/13864","targetHints":{"allow":["GET"]}}],"collection":[{"href":"https:\/\/www.visionweb.com.ar\/index.php?rest_route=\/wp\/v2\/posts"}],"about":[{"href":"https:\/\/www.visionweb.com.ar\/index.php?rest_route=\/wp\/v2\/types\/post"}],"author":[{"embeddable":true,"href":"https:\/\/www.visionweb.com.ar\/index.php?rest_route=\/wp\/v2\/users\/3"}],"replies":[{"embeddable":true,"href":"https:\/\/www.visionweb.com.ar\/index.php?rest_route=%2Fwp%2Fv2%2Fcomments&post=13864"}],"version-history":[{"count":1,"href":"https:\/\/www.visionweb.com.ar\/index.php?rest_route=\/wp\/v2\/posts\/13864\/revisions"}],"predecessor-version":[{"id":13866,"href":"https:\/\/www.visionweb.com.ar\/index.php?rest_route=\/wp\/v2\/posts\/13864\/revisions\/13866"}],"wp:featuredmedia":[{"embeddable":true,"href":"https:\/\/www.visionweb.com.ar\/index.php?rest_route=\/wp\/v2\/media\/13865"}],"wp:attachment":[{"href":"https:\/\/www.visionweb.com.ar\/index.php?rest_route=%2Fwp%2Fv2%2Fmedia&parent=13864"}],"wp:term":[{"taxonomy":"category","embeddable":true,"href":"https:\/\/www.visionweb.com.ar\/index.php?rest_route=%2Fwp%2Fv2%2Fcategories&post=13864"},{"taxonomy":"post_tag","embeddable":true,"href":"https:\/\/www.visionweb.com.ar\/index.php?rest_route=%2Fwp%2Fv2%2Ftags&post=13864"}],"curies":[{"name":"wp","href":"https:\/\/api.w.org\/{rel}","templated":true}]}}