{"id":13859,"date":"2024-03-07T06:55:55","date_gmt":"2024-03-07T09:55:55","guid":{"rendered":"https:\/\/www.visionweb.com.ar\/?p=13859"},"modified":"2024-03-06T20:12:57","modified_gmt":"2024-03-06T23:12:57","slug":"la-linea-d-de-subtes-desded-hoy-retoma-los-servicios-regulares","status":"publish","type":"post","link":"https:\/\/www.visionweb.com.ar\/?p=13859","title":{"rendered":"La l\u00ednea \u00abD\u00bb de subtes desded hoy retoma los servicios regulares"},"content":{"rendered":"<p><em><strong>El servicio se encontraba interrumpido por obras de mantenimiento y modernizaci\u00f3n desde el 8 de enero pasada. Se adelant\u00f3 la reapertura, que estaba programada para el 17 de marzo.<\/strong><\/em><!--more--><\/p>\n<div id=\"attachment_13860\" style=\"width: 310px\" class=\"wp-caption alignright\"><img loading=\"lazy\" decoding=\"async\" aria-describedby=\"caption-attachment-13860\" class=\"wp-image-13860 size-medium\" src=\"https:\/\/www.visionweb.com.ar\/wp-content\/uploads\/2024\/03\/SUBTE-D-300x185.png\" alt=\"\" width=\"300\" height=\"185\" srcset=\"https:\/\/www.visionweb.com.ar\/wp-content\/uploads\/2024\/03\/SUBTE-D-300x185.png 300w, https:\/\/www.visionweb.com.ar\/wp-content\/uploads\/2024\/03\/SUBTE-D.png 640w\" sizes=\"auto, (max-width: 300px) 100vw, 300px\" \/><p id=\"caption-attachment-13860\" class=\"wp-caption-text\"><strong><em>Desde este jueves la l\u00ednea \u00abD\u00bb del subterr\u00e1neo retoma su servicio habitual (Imagen: Gobierno de la Ciudad)<\/em><\/strong><\/p><\/div>\n<p>El Gobierno de la Ciudad de Buenos Aires anunci\u00f3 este mi\u00e9rcoles que la l\u00ednea D de subtes volver\u00e1 a funcionar desde este jueves, diez d\u00edas antes de lo que se hab\u00eda previsto cuando se iniciaron las obras de modernizaci\u00f3n del sistema de se\u00f1ales.<\/p>\n<p>\u201cAgilizamos los trabajos de modernizaci\u00f3n y logramos adelantar la reapertura de la l\u00ednea D, que a partir de ahora contar\u00e1 con mejores est\u00e1ndares de seguridad y con mejor frecuencia del servicio\u201d anunci\u00f3 este mi\u00e9rcoles el jefe de Gobierno porte\u00f1o, Jorge Macri, a trav\u00e9s de la red social X.<\/p>\n<p>Agreg\u00f3 que \u201cma\u00f1ana (por el jueves) va a circular con normalidad en todo su recorrido excepto que las formaciones no se detendr\u00e1n en la estaci\u00f3n Facultad de Medicina, que seguir\u00e1 en obra y cerrada hasta el 10 de marzo\u201d.<\/p>\n<p>La l\u00ednea D, que une Congreso de Tucum\u00e1n con Catedral, se encuentra cerrada desde el 8 de enero pasado para modernizar el sistema de se\u00f1ales y reemplazar las m\u00e1quinas de cambio, trabajos que antes se realizaban por la noche, con el objetivo de garantizar \u201cla regularidad y la eficiencia del servicio\u201d.<\/p>\n<p>El nuevo sistema es el Communications-Based Train Control (CBTC), que ya funciona en las l\u00edneas C y H. Seg\u00fan explicaron desde Subterr\u00e1neos de Buenos Aires (Sbase), \u201ctrabaja mediante la comunicaci\u00f3n entre formaciones, permitiendo el m\u00e1ximo acercamiento de forma segura y reduciendo el intervalo al m\u00ednimo posible\u201d.<\/p>\n<p>El presidente de la empresa, Javier Ib\u00e1\u00f1ez, destac\u00f3 que en estos dos meses \u201cincorporamos tecnolog\u00eda de punta a nivel mundial para cambiarle la vida a m\u00e1s de 200.000 personas que utilizan la l\u00ednea D todos los d\u00edas y brindar m\u00e1s regularidad, mejor calidad de frecuencia y una mejor experiencia de viaje\u201d<strong>(VW)<\/strong>.<\/p>\n","protected":false},"excerpt":{"rendered":"<p>El servicio se encontraba interrumpido por obras de mantenimiento y modernizaci\u00f3n desde el 8 de enero pasada. Se adelant\u00f3 la reapertura, que estaba programada para el 17 de marzo.<\/p>\n","protected":false},"author":3,"featured_media":13860,"comment_status":"closed","ping_status":"closed","sticky":false,"template":"","format":"standard","meta":{"_monsterinsights_skip_tracking":false,"_monsterinsights_sitenote_active":false,"_monsterinsights_sitenote_note":"","_monsterinsights_sitenote_category":0,"footnotes":""},"categories":[8],"tags":[],"class_list":["post-13859","post","type-post","status-publish","format-standard","has-post-thumbnail","hentry","category-interes-general"],"_links":{"self":[{"href":"https:\/\/www.visionweb.com.ar\/index.php?rest_route=\/wp\/v2\/posts\/13859","targetHints":{"allow":["GET"]}}],"collection":[{"href":"https:\/\/www.visionweb.com.ar\/index.php?rest_route=\/wp\/v2\/posts"}],"about":[{"href":"https:\/\/www.visionweb.com.ar\/index.php?rest_route=\/wp\/v2\/types\/post"}],"author":[{"embeddable":true,"href":"https:\/\/www.visionweb.com.ar\/index.php?rest_route=\/wp\/v2\/users\/3"}],"replies":[{"embeddable":true,"href":"https:\/\/www.visionweb.com.ar\/index.php?rest_route=%2Fwp%2Fv2%2Fcomments&post=13859"}],"version-history":[{"count":3,"href":"https:\/\/www.visionweb.com.ar\/index.php?rest_route=\/wp\/v2\/posts\/13859\/revisions"}],"predecessor-version":[{"id":13863,"href":"https:\/\/www.visionweb.com.ar\/index.php?rest_route=\/wp\/v2\/posts\/13859\/revisions\/13863"}],"wp:featuredmedia":[{"embeddable":true,"href":"https:\/\/www.visionweb.com.ar\/index.php?rest_route=\/wp\/v2\/media\/13860"}],"wp:attachment":[{"href":"https:\/\/www.visionweb.com.ar\/index.php?rest_route=%2Fwp%2Fv2%2Fmedia&parent=13859"}],"wp:term":[{"taxonomy":"category","embeddable":true,"href":"https:\/\/www.visionweb.com.ar\/index.php?rest_route=%2Fwp%2Fv2%2Fcategories&post=13859"},{"taxonomy":"post_tag","embeddable":true,"href":"https:\/\/www.visionweb.com.ar\/index.php?rest_route=%2Fwp%2Fv2%2Ftags&post=13859"}],"curies":[{"name":"wp","href":"https:\/\/api.w.org\/{rel}","templated":true}]}}