{"id":13848,"date":"2024-03-06T13:25:53","date_gmt":"2024-03-06T16:25:53","guid":{"rendered":"https:\/\/www.visionweb.com.ar\/?p=13848"},"modified":"2024-03-06T13:46:31","modified_gmt":"2024-03-06T16:46:31","slug":"maquinarias-el-potencial-de-las-maquinarias-agricolas-muestran-tecnologia-de-ultima-generacion","status":"publish","type":"post","link":"https:\/\/www.visionweb.com.ar\/?p=13848","title":{"rendered":"ExpoAgro: Se muestra el potencial de las maquinarias agr\u00edcolas con tecnolog\u00eda de \u00faltima generaci\u00f3n"},"content":{"rendered":"<p><em><strong>La ya tradicional muestra a campo, como todos los a\u00f1os, es un derrame de tecnolog\u00eda en maquinarias, y jornadas de capacitaci\u00f3n\u00a0 \u00a0 \u00a0<\/strong><\/em><!--more--><\/p>\n<p><img loading=\"lazy\" decoding=\"async\" class=\"size-medium wp-image-13852 alignleft\" src=\"https:\/\/www.visionweb.com.ar\/wp-content\/uploads\/2024\/03\/EXPOAGRO-300x199.jpg\" alt=\"\" width=\"300\" height=\"199\" srcset=\"https:\/\/www.visionweb.com.ar\/wp-content\/uploads\/2024\/03\/EXPOAGRO-300x199.jpg 300w, https:\/\/www.visionweb.com.ar\/wp-content\/uploads\/2024\/03\/EXPOAGRO.jpg 640w\" sizes=\"auto, (max-width: 300px) 100vw, 300px\" \/>El primer d\u00eda de la muestra agroindustrial a cielo abierto m\u00e1s importante de la regi\u00f3n, Expoagro edici\u00f3n YPF Agro, sorprendi\u00f3 a los visitantes a partir de algunos lanzamientos en relaci\u00f3n al desarrollo del campo.<\/p>\n<p>En tal sentido y con gran convocatoria Valtra exhibi\u00f3 uno de los productos m\u00e1s atractivos: la Pulverizadora Serie R5. Con dos modelos, de 3000 y 3500 litros, respectivamente.\u00a0\u00a0<em>\u201cPensamos hacer historia\u201d,<\/em>\u00a0sostuvo Gonzalo Oliva, ingeniero agr\u00f3nomo y coordinador de Marketing de Productos para Hispanoam\u00e9rica.<\/p>\n<p>Este martes se realiz\u00f3 el tradicional corte de cinta y la entonaci\u00f3n de las estrofas del Himno Nacional, en el marco de la apertura de la tradicional muestra a cielo abierto en la cercan\u00edas de la ciudad de San Nicol\u00e1s.<\/p>\n<p>La enumeraci\u00f3n de algunas caracter\u00edsticas aval\u00f3 su entusiasmo.\u00a0\u201cCon un solo bloque hidr\u00e1ulico, administra aceite a las cuatro ruedas de manera inteligente para que pueda traccionar y garantizar una velocidad y una aplicaci\u00f3n eficiente\u201d,\u00a0indic\u00f3 Oliva. Tambi\u00e9n por su capacidad para operar en diferentes \u00e1reas.\u00a0\u201cEst\u00e1 configurada de 24 metros de ancho para ca\u00f1a de az\u00facar hasta 36 metros de ancho para un cultivo extensivo\u201d,\u00a0ilustr\u00f3.<\/p>\n<p>A esto sum\u00f3 \u201cLiquid Logic\u201d, la fruta del postre, seg\u00fan describi\u00f3.\u00a0\u201cSe trata de un equipamiento desarrollado, que viene a revolucionar lo que es la tecnolog\u00eda de la plantaci\u00f3n. Lo que significa la aplicaci\u00f3n proporcional de tanque para evitar formaci\u00f3n de espuma, problemas antiguos en tuber\u00edas\u201d, dijo.<\/p>\n<p>Adem\u00e1s, la recirculaci\u00f3n del producto evita demoras y p\u00e9rdidas de tiempo, al ingresar al lote.<\/p>\n<p><strong>Tiempo y forma<\/strong><\/p>\n<p>Por \u00faltimo, la Pulverizadora Serie R5 cuenta con la estaci\u00f3n meteorol\u00f3gica\u00a0\u201cque nos permite determinar las condiciones \u00f3ptimas de temperatura, humedad y viento\u201d\u00a0y piloto autom\u00e1tico y telemetr\u00eda,\u00a0\u201cque le permite al propietario de la m\u00e1quina o a un contratista estar viendo la m\u00e1quina en tiempo y forma, su performance y el resultado que va dando en su aplicaci\u00f3n\u201d.<\/p>\n<p>A\u00fan con su costo \u2013 380 mil d\u00f3lares- Oliva proyect\u00f3 una gran venta.\u00a0\u201cSer\u00e1n todas las que se puedan, es un producto que dar\u00e1 que hablar\u201d, confi\u00f3 animado.<\/p>\n<p>En el acto de apertura, estuvieron presentes el ministro de Interior, Guillermo Francos, gobernadores, funcionarios provinciales y otros referentes de la cadena productiva.<\/p>\n<p>Consultado el ministro Francos por la prensa expres\u00f3: \u201cParticipamos de una nueva edici\u00f3n de Expoagro, en la que presenciamos el entusiasmo que existe en el sector agropecuario con las nuevas propuestas del Gobierno nacional\u201d.<\/p>\n<p>Asimismo, remarc\u00f3 el \u201cgran optimismo y la gran confianza en el futuro del pa\u00eds\u201d, en la previa a la reuni\u00f3n que congregar\u00e1 este viernes a gobernadores para sentar las bases del Pacto de Mayo anunciado por el presidente Milei en la apertura de sesiones ordinarias.<\/p>\n<p>Del tradicional acto inaugural en el predio ferial y aut\u00f3dromo de San Nicol\u00e1s tambi\u00e9n participaron los gobernadores Rogelio Frigerio (Entre R\u00edos), Martin Llaryora (C\u00f3rdoba) y Maximiliano Pullaro (Santa Fe), quienes se refirieron a las retenciones, ganancias y medidas fiscales<strong>(VW)<\/strong>.<\/p>\n<p>&nbsp;<\/p>\n","protected":false},"excerpt":{"rendered":"<p>La ya tradicional muestra a campo, como todos los a\u00f1os, es un derrame de tecnolog\u00eda en maquinarias, y jornadas de capacitaci\u00f3n\u00a0 \u00a0 \u00a0<\/p>\n","protected":false},"author":3,"featured_media":13852,"comment_status":"closed","ping_status":"closed","sticky":false,"template":"","format":"standard","meta":{"_monsterinsights_skip_tracking":false,"_monsterinsights_sitenote_active":false,"_monsterinsights_sitenote_note":"","_monsterinsights_sitenote_category":0,"footnotes":""},"categories":[8],"tags":[5795,5796,1870],"class_list":["post-13848","post","type-post","status-publish","format-standard","has-post-thumbnail","hentry","category-interes-general","tag-excpoaagro","tag-funcionarios","tag-inauguracion"],"_links":{"self":[{"href":"https:\/\/www.visionweb.com.ar\/index.php?rest_route=\/wp\/v2\/posts\/13848","targetHints":{"allow":["GET"]}}],"collection":[{"href":"https:\/\/www.visionweb.com.ar\/index.php?rest_route=\/wp\/v2\/posts"}],"about":[{"href":"https:\/\/www.visionweb.com.ar\/index.php?rest_route=\/wp\/v2\/types\/post"}],"author":[{"embeddable":true,"href":"https:\/\/www.visionweb.com.ar\/index.php?rest_route=\/wp\/v2\/users\/3"}],"replies":[{"embeddable":true,"href":"https:\/\/www.visionweb.com.ar\/index.php?rest_route=%2Fwp%2Fv2%2Fcomments&post=13848"}],"version-history":[{"count":4,"href":"https:\/\/www.visionweb.com.ar\/index.php?rest_route=\/wp\/v2\/posts\/13848\/revisions"}],"predecessor-version":[{"id":13854,"href":"https:\/\/www.visionweb.com.ar\/index.php?rest_route=\/wp\/v2\/posts\/13848\/revisions\/13854"}],"wp:featuredmedia":[{"embeddable":true,"href":"https:\/\/www.visionweb.com.ar\/index.php?rest_route=\/wp\/v2\/media\/13852"}],"wp:attachment":[{"href":"https:\/\/www.visionweb.com.ar\/index.php?rest_route=%2Fwp%2Fv2%2Fmedia&parent=13848"}],"wp:term":[{"taxonomy":"category","embeddable":true,"href":"https:\/\/www.visionweb.com.ar\/index.php?rest_route=%2Fwp%2Fv2%2Fcategories&post=13848"},{"taxonomy":"post_tag","embeddable":true,"href":"https:\/\/www.visionweb.com.ar\/index.php?rest_route=%2Fwp%2Fv2%2Ftags&post=13848"}],"curies":[{"name":"wp","href":"https:\/\/api.w.org\/{rel}","templated":true}]}}