{"id":13846,"date":"2024-03-06T13:10:11","date_gmt":"2024-03-06T16:10:11","guid":{"rendered":"https:\/\/www.visionweb.com.ar\/?p=13846"},"modified":"2024-03-06T13:10:11","modified_gmt":"2024-03-06T16:10:11","slug":"comenzaron-a-llegar-las-patentes-con-aumentos-del-288","status":"publish","type":"post","link":"https:\/\/www.visionweb.com.ar\/?p=13846","title":{"rendered":"Comenzaron a llegar las patentes con aumentos del 288%"},"content":{"rendered":"<p><strong><em>Los veh\u00edculos de mayor valor, que exhiben una\u00a0valuaci\u00f3n fiscal superior a los $18.000.000, se determin\u00f3 que el tope est\u00e9 liberado.<\/em><\/strong><!--more--><\/p>\n<p><img loading=\"lazy\" decoding=\"async\" class=\"size-full wp-image-5343 alignright\" src=\"https:\/\/www.visionweb.com.ar\/wp-content\/uploads\/2022\/04\/autos.bmp\" alt=\"\" width=\"509\" height=\"304\" \/>El incremento en las patentes de los autos radicados en la provincia de Buenos Aires aprobado a fines del a\u00f1o pasado, con la\u00a0<a href=\"https:\/\/www.inforegion.com.ar\/2023\/12\/29\/aprobaron-la-ley-impositiva-en-la-provincia\/\">ley impositiva<\/a>, ya\u00a0empieza a verse reflejado en las facturas que reciben los bonaerenses\u00a0<strong>con subas de hasta el 288%.<\/strong><\/p>\n<p>El ajuste en los valores del impuesto fue autorizado en diciembre pasado cuando se vot\u00f3 favorablemente la Ley Impositiva para este a\u00f1o, que envi\u00f3 el gobernador Axel Kicillof a la Legislatura. En el mismo paquete tributario se dispuso una fuerte suba en el Inmobiliario, inform\u00f3 Inforgi\u00f3n.<\/p>\n<p>De esta manera, con la nueva normativa se estableci\u00f3 el\u00a0<strong>tope de 140% de aumento para los automotores valuados fiscalmente en hasta $6.510.000<\/strong>, lo que abarca a unos 534.666 veh\u00edculos, es decir el 29% del parque automotor que paga la patente en territorio bonaerense.<\/p>\n<p>En tanto que para los automotores valuados fiscalmente\u00a0<strong>en hasta $18.000.000, la suba tiene un tope del 200%.<\/strong>\u00a0Este es el grupo mayoritario, ya que entran unos 1.122.700 veh\u00edculos, lo que representa el61% del parque automotor provincial alcanzado por el tributo.<\/p>\n<p>En cuanto a los veh\u00edculos de mayor valor, que exhiben una<strong>\u00a0valuaci\u00f3n fiscal superior a los $18.000.000, se determin\u00f3 que el tope est\u00e9 liberado.<\/strong>\u00a0En dicho tramo se incluye al 10% del parque automotor que paga el impuesto en la provincia.<\/p>\n<p>M\u00e1s all\u00e1 de estos topes, las facturas de algunos contribuyentes reflejan aumentos superiores a los aprobados en la normativa. Esto se debe a que hubo un recorte en el descuento por pago a t\u00e9rmino, adhesi\u00f3n al d\u00e9bito autom\u00e1tico y env\u00edo de boleta por email, que pas\u00f3 de una\u00a0reducci\u00f3n del 20% sobre el valor establecido a solo el 10%.<\/p>\n<p>A partir de esto, los bonaerenses que cuentan con un auto que exhiba una valuaci\u00f3n fiscal comprendida entre $6.510.000 y $18.000.000 (el grupo mayoritario),<strong>tendr\u00e1n un incremento de 288% promedio en su boleta.<\/strong><\/p>\n<p>Desde la Agencia de Recaudaci\u00f3n de la Provincia de Buenos Aires (ARBA) estimaron que \u201cel aumento promedio anual del impuesto, considerando la comparaci\u00f3n veh\u00edculo a veh\u00edculo, es de\u00a0<strong>180,4%, por debajo de la inflaci\u00f3n\u201d<\/strong>. Sin embargo, para el 61% de los ciudadanos alcanzados la suba estar\u00eda entre 200% y 288%, en promedio.<\/p>\n<p>Por otro lado, en la nueva ley impositiva tambi\u00e9n se defini\u00f3 una\u00a0descentralizaci\u00f3n de los modelos 2013 a los municipios. De esta forma, los veh\u00edculos con antig\u00fcedad anterior a dicho a\u00f1o deber\u00e1n tributar al municipio que les corresponda.<\/p>\n<p>Adem\u00e1s, con relaci\u00f3n a la ley impositiva 2023, se ajustaron los tramos de valuaci\u00f3n\u00a0 y se redujo la al\u00edcuota m\u00e1xima de la tabla a 5% (el a\u00f1o pasado era de 5,37%). Por otra parte, se mantiene una estructura \u201cprogresiva\u201d de al\u00edcuotas, con incremento de al\u00edcuotas en los primeros tramos<strong>(VW)<\/strong>.<\/p>\n","protected":false},"excerpt":{"rendered":"<p>Los veh\u00edculos de mayor valor, que exhiben una\u00a0valuaci\u00f3n fiscal superior a los $18.000.000, se determin\u00f3 que el tope est\u00e9 liberado.<\/p>\n","protected":false},"author":3,"featured_media":5343,"comment_status":"closed","ping_status":"closed","sticky":false,"template":"","format":"standard","meta":{"_monsterinsights_skip_tracking":false,"_monsterinsights_sitenote_active":false,"_monsterinsights_sitenote_note":"","_monsterinsights_sitenote_category":0,"footnotes":""},"categories":[8],"tags":[58,5793,5794,5288],"class_list":["post-13846","post","type-post","status-publish","format-standard","has-post-thumbnail","hentry","category-interes-general","tag-aumento","tag-automovils","tag-ley-impositiva","tag-patentes"],"_links":{"self":[{"href":"https:\/\/www.visionweb.com.ar\/index.php?rest_route=\/wp\/v2\/posts\/13846","targetHints":{"allow":["GET"]}}],"collection":[{"href":"https:\/\/www.visionweb.com.ar\/index.php?rest_route=\/wp\/v2\/posts"}],"about":[{"href":"https:\/\/www.visionweb.com.ar\/index.php?rest_route=\/wp\/v2\/types\/post"}],"author":[{"embeddable":true,"href":"https:\/\/www.visionweb.com.ar\/index.php?rest_route=\/wp\/v2\/users\/3"}],"replies":[{"embeddable":true,"href":"https:\/\/www.visionweb.com.ar\/index.php?rest_route=%2Fwp%2Fv2%2Fcomments&post=13846"}],"version-history":[{"count":1,"href":"https:\/\/www.visionweb.com.ar\/index.php?rest_route=\/wp\/v2\/posts\/13846\/revisions"}],"predecessor-version":[{"id":13847,"href":"https:\/\/www.visionweb.com.ar\/index.php?rest_route=\/wp\/v2\/posts\/13846\/revisions\/13847"}],"wp:featuredmedia":[{"embeddable":true,"href":"https:\/\/www.visionweb.com.ar\/index.php?rest_route=\/wp\/v2\/media\/5343"}],"wp:attachment":[{"href":"https:\/\/www.visionweb.com.ar\/index.php?rest_route=%2Fwp%2Fv2%2Fmedia&parent=13846"}],"wp:term":[{"taxonomy":"category","embeddable":true,"href":"https:\/\/www.visionweb.com.ar\/index.php?rest_route=%2Fwp%2Fv2%2Fcategories&post=13846"},{"taxonomy":"post_tag","embeddable":true,"href":"https:\/\/www.visionweb.com.ar\/index.php?rest_route=%2Fwp%2Fv2%2Ftags&post=13846"}],"curies":[{"name":"wp","href":"https:\/\/api.w.org\/{rel}","templated":true}]}}