{"id":13839,"date":"2024-03-06T09:30:12","date_gmt":"2024-03-06T12:30:12","guid":{"rendered":"https:\/\/www.visionweb.com.ar\/?p=13839"},"modified":"2024-03-06T09:30:12","modified_gmt":"2024-03-06T12:30:12","slug":"la-provincia-de-buenos-aires-tendra-su-primer-centro-de-energias-renovables","status":"publish","type":"post","link":"https:\/\/www.visionweb.com.ar\/?p=13839","title":{"rendered":"La provincia de Buenos Aires tendr\u00e1 su primer Centro de Energ\u00edas Renovables"},"content":{"rendered":"<p><em><strong>Construir\u00e1n un edificio bioclim\u00e1tico\u00a0con autogeneraci\u00f3n renovable. El objetivo es que el organismo no sea s\u00f3lo un espacio formativo, sino tambi\u00e9n un espacio de producci\u00f3n de proyectos vinculados a las tecnolog\u00edas de generaci\u00f3n renovable.<\/strong><\/em><!--more--><\/p>\n<div id=\"attachment_13840\" style=\"width: 310px\" class=\"wp-caption alignright\"><img loading=\"lazy\" decoding=\"async\" aria-describedby=\"caption-attachment-13840\" class=\"wp-image-13840 size-medium\" src=\"https:\/\/www.visionweb.com.ar\/wp-content\/uploads\/2024\/03\/energia-renovable-300x157.png\" alt=\"\" width=\"300\" height=\"157\" srcset=\"https:\/\/www.visionweb.com.ar\/wp-content\/uploads\/2024\/03\/energia-renovable-300x157.png 300w, https:\/\/www.visionweb.com.ar\/wp-content\/uploads\/2024\/03\/energia-renovable.png 567w\" sizes=\"auto, (max-width: 300px) 100vw, 300px\" \/><p id=\"caption-attachment-13840\" class=\"wp-caption-text\">Imagen ilustrativa a modo de ejemplo<\/p><\/div>\n<p><strong>\u00a0\u00a0 Y<\/strong>a est\u00e1 en marcha el primer\u00a0<strong>Centro de Energ\u00edas Renovables<\/strong>\u00a0de la provincia de Buenos Aires, y se dio inicio a la obra emplazada en el Campus Tecnol\u00f3gico de la Comisi\u00f3n de Investigaciones Cient\u00edficas (CIC), en Gonnet, La Plata.<\/p>\n<p>La obra del\u00a0<strong>Centro de Investigaci\u00f3n y Desarrollo en Energ\u00edas Renovables<\/strong>\u00a0consiste en\u00a0<strong>la construcci\u00f3n de un edificio bioclim\u00e1tico<\/strong>\u00a0con autogeneraci\u00f3n renovable y sistema de bombeo de agua mediante la utilizaci\u00f3n de paneles solares.<\/p>\n<p>El proyecto\u00a0<strong>cuenta con un presupuesto de $2.400 millones y es financiado por el \u201cAgregado Tarifario\u201d,<\/strong>\u00a0un componente de la tarifa el\u00e9ctrica que abonan los usuarios y usuarias de la provincia de Buenos Aires.<\/p>\n<p>Los fondos de este \u201cAgregado\u201d se utilizan para obras en la red el\u00e9ctrica y una proporci\u00f3n se destina para la generaci\u00f3n de energ\u00eda renovable.<\/p>\n<p>El objetivo es que el organismo no sea s\u00f3lo\u00a0<strong>un espacio formativo<\/strong>, sino tambi\u00e9n un espacio de\u00a0<strong>producci\u00f3n de proyectos vinculados a las tecnolog\u00edas de generaci\u00f3n renovable<\/strong>, eficiencia energ\u00e9tica y electro movilidad, en el que la sustentabilidad sea un eje transversal a todas las iniciativas.<\/p>\n<p>En el acto de apertura de la obra que se realiz\u00f3 ayer martes, estuvieron presentes el Subsecretario de Energ\u00eda de la Provincia, Gast\u00f3n Ghioni; el Subsecretario de Ciencia, Tecnolog\u00eda e Innovaci\u00f3n bonaerense, Federico Ag\u00fcero; el Presidente de la Comisi\u00f3n de Investigaciones Cient\u00edficas, Roberto Salvarezza; y el Director del Consejo Provincial Universitario, Alejandro Villar.<\/p>\n<p>Al respecto Ghioni subray\u00f3: \u201cLo que estamos construyendo hoy, el proyecto de este Centro de Energ\u00eda Renovable,\u00a0<strong>est\u00e1 en las ant\u00edpodas de los planes que puso en marcha el gobierno nacional\u00a0<\/strong>en relaci\u00f3n a la ciencia, a la pol\u00edtica energ\u00e9tica, a la importancia de la inversi\u00f3n y la obra. Est\u00e1 claro que estamos en la vereda de enfrente<strong>, y es una decisi\u00f3n del gobierno provincial<\/strong>\u00a0seguir sosteniendo y defendiendo las convicciones pol\u00edticas que validaron las y los bonaerenses por cuatro a\u00f1os m\u00e1s\u201d.<\/p>\n<p>Por su lado, Ag\u00fcero se\u00f1al\u00f3: \u201cEl gobierno de la Provincia sigue apostando por la Ciencia y la Tecnolog\u00eda como motor de desarrollo productivo y social de la Provincia\u201d.<\/p>\n<p>La iniciativa fue impulsada por la Subsecretar\u00eda de Energ\u00eda del Ministerio de Infraestructura y Servicios P\u00fablicos y el Foro Regional El\u00e9ctrico (FREBA) de la Provincia de Buenos Aires, a trav\u00e9s del<strong>\u00a0Programa Provincial de Incentivos a la Generaci\u00f3n Distribuida Renovable PROINGED<\/strong>, en la b\u00fasqueda de contar con una sede de referencia propia para la Provincia, en la que puedan confluir diversas actividades de investigaci\u00f3n, desarrollo, demostraci\u00f3n y difusi\u00f3n de tecnolog\u00edas vinculadas a la generaci\u00f3n renovable y eficiencia energ\u00e9tica.<\/p>\n<p>Para realizar este proyecto en conjunto se suscribi\u00f3 un convenio de colaboraci\u00f3n con la\u00a0<strong>Comisi\u00f3n de Investigaciones Cient\u00edficas (CIC)<\/strong>, perteneciente al Ministerio de Producci\u00f3n, Ciencia e Innovaci\u00f3n Tecnol\u00f3gica, en el marco de la Ley Provincial N\u00b0 14.838 de R\u00e9gimen de Fomento a las energ\u00edas renovables en la Provincia de Buenos Aires. <strong>(VW)<\/strong><\/p>\n","protected":false},"excerpt":{"rendered":"<p>Construir\u00e1n un edificio bioclim\u00e1tico\u00a0con autogeneraci\u00f3n renovable. El objetivo es que el organismo no sea s\u00f3lo un espacio formativo, sino tambi\u00e9n un espacio de producci\u00f3n de proyectos vinculados a las tecnolog\u00edas de generaci\u00f3n renovable.<\/p>\n","protected":false},"author":4,"featured_media":13840,"comment_status":"closed","ping_status":"closed","sticky":false,"template":"","format":"standard","meta":{"_monsterinsights_skip_tracking":false,"_monsterinsights_sitenote_active":false,"_monsterinsights_sitenote_note":"","_monsterinsights_sitenote_category":0,"footnotes":""},"categories":[8],"tags":[5790,5791,356],"class_list":["post-13839","post","type-post","status-publish","format-standard","has-post-thumbnail","hentry","category-interes-general","tag-centro-de-energias-renovables","tag-construiran-edificio-bioclimatico","tag-provincia"],"_links":{"self":[{"href":"https:\/\/www.visionweb.com.ar\/index.php?rest_route=\/wp\/v2\/posts\/13839","targetHints":{"allow":["GET"]}}],"collection":[{"href":"https:\/\/www.visionweb.com.ar\/index.php?rest_route=\/wp\/v2\/posts"}],"about":[{"href":"https:\/\/www.visionweb.com.ar\/index.php?rest_route=\/wp\/v2\/types\/post"}],"author":[{"embeddable":true,"href":"https:\/\/www.visionweb.com.ar\/index.php?rest_route=\/wp\/v2\/users\/4"}],"replies":[{"embeddable":true,"href":"https:\/\/www.visionweb.com.ar\/index.php?rest_route=%2Fwp%2Fv2%2Fcomments&post=13839"}],"version-history":[{"count":1,"href":"https:\/\/www.visionweb.com.ar\/index.php?rest_route=\/wp\/v2\/posts\/13839\/revisions"}],"predecessor-version":[{"id":13841,"href":"https:\/\/www.visionweb.com.ar\/index.php?rest_route=\/wp\/v2\/posts\/13839\/revisions\/13841"}],"wp:featuredmedia":[{"embeddable":true,"href":"https:\/\/www.visionweb.com.ar\/index.php?rest_route=\/wp\/v2\/media\/13840"}],"wp:attachment":[{"href":"https:\/\/www.visionweb.com.ar\/index.php?rest_route=%2Fwp%2Fv2%2Fmedia&parent=13839"}],"wp:term":[{"taxonomy":"category","embeddable":true,"href":"https:\/\/www.visionweb.com.ar\/index.php?rest_route=%2Fwp%2Fv2%2Fcategories&post=13839"},{"taxonomy":"post_tag","embeddable":true,"href":"https:\/\/www.visionweb.com.ar\/index.php?rest_route=%2Fwp%2Fv2%2Ftags&post=13839"}],"curies":[{"name":"wp","href":"https:\/\/api.w.org\/{rel}","templated":true}]}}