{"id":13833,"date":"2024-03-05T16:15:54","date_gmt":"2024-03-05T19:15:54","guid":{"rendered":"https:\/\/www.visionweb.com.ar\/?p=13833"},"modified":"2024-03-05T16:15:54","modified_gmt":"2024-03-05T19:15:54","slug":"recorte-son-60-escuelas-de-la-provincia-que-ya-no-tendran-jornada-completa","status":"publish","type":"post","link":"https:\/\/www.visionweb.com.ar\/?p=13833","title":{"rendered":"Recorte: Son 60 escuelas de la Provincia que ya no tendr\u00e1n jornada completa"},"content":{"rendered":"<p><strong><em>Se conoci\u00f3 el listado de los establecimientos que ver\u00e1n afectada su extensi\u00f3n de horario por el ajuste del Gobierno nacional. Afecta a 31 distritos.<\/em><\/strong><!--more--><\/p>\n<p><strong><img loading=\"lazy\" decoding=\"async\" class=\"size-medium wp-image-13834 alignright\" src=\"https:\/\/www.visionweb.com.ar\/wp-content\/uploads\/2024\/03\/escuela-300x178.png\" alt=\"\" width=\"300\" height=\"178\" srcset=\"https:\/\/www.visionweb.com.ar\/wp-content\/uploads\/2024\/03\/escuela-300x178.png 300w, https:\/\/www.visionweb.com.ar\/wp-content\/uploads\/2024\/03\/escuela.png 527w\" sizes=\"auto, (max-width: 300px) 100vw, 300px\" \/>\u00a0\u00a0\u00a0 E<\/strong>l <strong>Gobierno bonaerense anunci\u00f3 ayer la suspensi\u00f3n de la implementaci\u00f3n de la jornada completa<\/strong> <strong>en 60 escuelas<\/strong> de la provincia de Buenos Aires por los recortes que lleva adelante la gesti\u00f3n de Javier Milei, medida que afectar\u00e1 a establecimientos de unos 31 distritos.<\/p>\n<p>La decisi\u00f3n se defini\u00f3 a trav\u00e9s de la <strong>resoluci\u00f3n 259\/2024<\/strong> y fue informada por la Direcci\u00f3n General de Cultura y Educaci\u00f3n provincial mediante un comunicado. En el mismo, se se\u00f1al\u00f3 la decisi\u00f3n fue tomada \u201cante el <strong>retiro del financiamiento por parte del Estado Nacional<\/strong>\u201d.<\/p>\n<p>La normativa explica que \u201ca partir de un convenio firmado en 2022 entre el entonces Ministerio de Educaci\u00f3n de la Naci\u00f3n \u2013hoy Secretar\u00eda- y las carteras provinciales, el Gobierno nacional se comprometi\u00f3 a contribuir con el cien por ciento del financiamiento en la diferencia de los salarios brutos de docentes y equipos directivos que le demande a la jurisdicci\u00f3n la implementaci\u00f3n de la extensi\u00f3n horaria, durante un per\u00edodo de cinco a\u00f1os\u201d.<\/p>\n<p>As\u00ed, el recorte que lleva a cabo Naci\u00f3n afectar\u00e1 a las escuelas primarias: 4 de Tornquist; 16 de Rojas; 5, 29 y 48 de Mor\u00f3n; 84 de La Matanza; 22 de Leandro N. Alem; 20, 24, 34 y 42 de San Pedro; 11 y 24 de Tigre; 5 de Ituzaing\u00f3; 2 y 22 de Merlo; 1, 2 y 3 de Tordillo; 15, 17, 28, 29, 37, 43 y 47 de Berazategui; 23 de Laprida; 11 y 24 de Dolores; 8 y 23 de General Viamonte; 17 y 45 de Almirante Brown; 4 de Carmen de Areco; 5 de San Andr\u00e9s de Giles; 14 y 15 de Lobos; y 8, 44 y 71 de Moreno.<\/p>\n<p>Tambi\u00e9n, seg\u00fan difundi\u00f3 el diario La Naci\u00f3n, se ver\u00e1n afectadas las primarias n\u00fameros 46, 63 y 69 de Lan\u00fas; 12 de Suipacha; 54 de Lomas de Zamora; 13 de Col\u00f3n; 20, 21, 51 y 56 de General Pueyrredon; 9 de General Alvarado; 20 de Pilar; 18 y 56 de Mor\u00f3n; 14 de Pergamino; 33 de Avellaneda; 9 de Saavedra; 21 de Navarro; y 15 y 33 de Tandil.<strong> (VW)<\/strong><\/p>\n","protected":false},"excerpt":{"rendered":"<p>Se conoci\u00f3 el listado de los establecimientos que ver\u00e1n afectada su extensi\u00f3n de horario por el ajuste del Gobierno nacional. Afecta a 31 distritos.<\/p>\n","protected":false},"author":4,"featured_media":13834,"comment_status":"closed","ping_status":"closed","sticky":false,"template":"","format":"standard","meta":{"_monsterinsights_skip_tracking":false,"_monsterinsights_sitenote_active":false,"_monsterinsights_sitenote_note":"","_monsterinsights_sitenote_category":0,"footnotes":""},"categories":[6,4,5],"tags":[5786,5787,5785],"class_list":["post-13833","post","type-post","status-publish","format-standard","has-post-thumbnail","hentry","category-economia","category-politica","category-sociedad","tag-escuelas-bonaerenses","tag-listado-de-60-escuelas","tag-sacan-la-jornada-completa"],"_links":{"self":[{"href":"https:\/\/www.visionweb.com.ar\/index.php?rest_route=\/wp\/v2\/posts\/13833","targetHints":{"allow":["GET"]}}],"collection":[{"href":"https:\/\/www.visionweb.com.ar\/index.php?rest_route=\/wp\/v2\/posts"}],"about":[{"href":"https:\/\/www.visionweb.com.ar\/index.php?rest_route=\/wp\/v2\/types\/post"}],"author":[{"embeddable":true,"href":"https:\/\/www.visionweb.com.ar\/index.php?rest_route=\/wp\/v2\/users\/4"}],"replies":[{"embeddable":true,"href":"https:\/\/www.visionweb.com.ar\/index.php?rest_route=%2Fwp%2Fv2%2Fcomments&post=13833"}],"version-history":[{"count":1,"href":"https:\/\/www.visionweb.com.ar\/index.php?rest_route=\/wp\/v2\/posts\/13833\/revisions"}],"predecessor-version":[{"id":13835,"href":"https:\/\/www.visionweb.com.ar\/index.php?rest_route=\/wp\/v2\/posts\/13833\/revisions\/13835"}],"wp:featuredmedia":[{"embeddable":true,"href":"https:\/\/www.visionweb.com.ar\/index.php?rest_route=\/wp\/v2\/media\/13834"}],"wp:attachment":[{"href":"https:\/\/www.visionweb.com.ar\/index.php?rest_route=%2Fwp%2Fv2%2Fmedia&parent=13833"}],"wp:term":[{"taxonomy":"category","embeddable":true,"href":"https:\/\/www.visionweb.com.ar\/index.php?rest_route=%2Fwp%2Fv2%2Fcategories&post=13833"},{"taxonomy":"post_tag","embeddable":true,"href":"https:\/\/www.visionweb.com.ar\/index.php?rest_route=%2Fwp%2Fv2%2Ftags&post=13833"}],"curies":[{"name":"wp","href":"https:\/\/api.w.org\/{rel}","templated":true}]}}