{"id":13831,"date":"2024-03-05T15:55:52","date_gmt":"2024-03-05T18:55:52","guid":{"rendered":"https:\/\/www.visionweb.com.ar\/?p=13831"},"modified":"2024-03-05T15:55:52","modified_gmt":"2024-03-05T18:55:52","slug":"sin-acuerdo-docente-nacion-propuso-un-salario-minimo-de-310-000","status":"publish","type":"post","link":"https:\/\/www.visionweb.com.ar\/?p=13831","title":{"rendered":"Sin acuerdo docente: Naci\u00f3n propuso un salario m\u00ednimo de $ 310.000"},"content":{"rendered":"<p><strong><em>Las partes se reunieron en la ma\u00f1ana de este martes en paritarias. Se pas\u00f3 a un cuarto intermedio para el pr\u00f3ximo martes. Desde la UDA reclaman $450.000 para el salario m\u00ednimo\u201d.<\/em><\/strong><!--more--><\/p>\n<p><strong> <img loading=\"lazy\" decoding=\"async\" class=\"size-full wp-image-941 alignright\" src=\"https:\/\/www.visionweb.com.ar\/wp-content\/uploads\/2021\/02\/aula-vacia-telam-II.bmp\" alt=\"\" width=\"473\" height=\"246\" \/>\u00a0\u00a0\u00a0 E<\/strong>l <strong>Gobierno<\/strong> recibi\u00f3 a los gremios docentes en el marco de la<strong> paritaria nacional docente<\/strong> y ofreci\u00f3 alcanzar un salario m\u00ednimo para el sector de $ 310.000, pero no hubo acuerdo y la negociaci\u00f3n pas\u00f3 a cuarto intermedio.<\/p>\n<p>La reuni\u00f3n se llev\u00f3 a cabo esta ma\u00f1ana en la sede de la Secretar\u00eda de Trabajo de la Naci\u00f3n, ubicada en la Ciudad Aut\u00f3noma de Buenos Aires.<\/p>\n<p>Desde la Uni\u00f3n Docentes Argentinos (UDA) relataron que: \u201cEl Gobierno nacional ofert\u00f3, luego de d\u00edas de dilaci\u00f3n, $310.000 pesos, con el Fonid incluido, para el salario m\u00ednimo (actualmente se encuentra en $250.000)\u201d.<\/p>\n<p>El encuentro se realiz\u00f3 <strong>luego del paro nacional<\/strong> de ayer lunes por los gremios docentes de la CGT (<strong>UDA, AMET, CEA Y Sadop<\/strong>), y otro llevado adelante el pasado 26 de febrero por la Ctera.<\/p>\n<p>\u201cAnte la propuesta del Gobierno de $310.000 los sindicatos de la CGT, luego de reunirnos un momento y por las tratativas previas que ven\u00edamos manteniendo<strong>, reclamamos $450.000 para el salario m\u00ednimo\u201d, detall\u00f3 el secretario general de UDA, Sergio Romero<\/strong>.<\/p>\n<p>De la reuni\u00f3n participaron el secretario de Trabajo, Omar Yas\u00edn; el secretario de Educaci\u00f3n, Carlos Torrendell; ministros de educaci\u00f3n de distintas provincias y las entidades docentes con representaci\u00f3n en todo el pa\u00eds.<\/p>\n<p>\u201cLa reuni\u00f3n paso a un nuevo cuarto intermedio hasta el martes pr\u00f3ximo\u201d, explic\u00f3 Romero. Y agreg\u00f3: \u201cEsperamos que el Gobierno a\u00fane con las provincias una cifra m\u00e1s razonable que la propuesta realizada hoy\u201d.<\/p>\n<p>El sindicalista docente se\u00f1al\u00f3 que \u201cesta discusi\u00f3n paritaria debi\u00f3 darse meses atr\u00e1s\u201d porque \u201clos docentes la est\u00e1n pasando econ\u00f3micamente mal\u201d y al respecto \u201cdebemos recomponer el salario y el Fonid de manera urgente\u201d. <strong>(VW)<\/strong><\/p>\n","protected":false},"excerpt":{"rendered":"<p>Las partes se reunieron en la ma\u00f1ana de este martes en paritarias. Se pas\u00f3 a un cuarto intermedio para el pr\u00f3ximo martes. Desde la UDA reclaman $450.000 para el salario m\u00ednimo\u201d.<\/p>\n","protected":false},"author":4,"featured_media":941,"comment_status":"closed","ping_status":"closed","sticky":false,"template":"","format":"standard","meta":{"_monsterinsights_skip_tracking":false,"_monsterinsights_sitenote_active":false,"_monsterinsights_sitenote_note":"","_monsterinsights_sitenote_category":0,"footnotes":""},"categories":[4,5],"tags":[5783,5784,2032,5782,2873,2872],"class_list":["post-13831","post","type-post","status-publish","format-standard","has-post-thumbnail","hentry","category-politica","category-sociedad","tag-amet","tag-cea","tag-cgt","tag-docentes-sin-acuerdo","tag-sadop","tag-uda"],"_links":{"self":[{"href":"https:\/\/www.visionweb.com.ar\/index.php?rest_route=\/wp\/v2\/posts\/13831","targetHints":{"allow":["GET"]}}],"collection":[{"href":"https:\/\/www.visionweb.com.ar\/index.php?rest_route=\/wp\/v2\/posts"}],"about":[{"href":"https:\/\/www.visionweb.com.ar\/index.php?rest_route=\/wp\/v2\/types\/post"}],"author":[{"embeddable":true,"href":"https:\/\/www.visionweb.com.ar\/index.php?rest_route=\/wp\/v2\/users\/4"}],"replies":[{"embeddable":true,"href":"https:\/\/www.visionweb.com.ar\/index.php?rest_route=%2Fwp%2Fv2%2Fcomments&post=13831"}],"version-history":[{"count":1,"href":"https:\/\/www.visionweb.com.ar\/index.php?rest_route=\/wp\/v2\/posts\/13831\/revisions"}],"predecessor-version":[{"id":13832,"href":"https:\/\/www.visionweb.com.ar\/index.php?rest_route=\/wp\/v2\/posts\/13831\/revisions\/13832"}],"wp:featuredmedia":[{"embeddable":true,"href":"https:\/\/www.visionweb.com.ar\/index.php?rest_route=\/wp\/v2\/media\/941"}],"wp:attachment":[{"href":"https:\/\/www.visionweb.com.ar\/index.php?rest_route=%2Fwp%2Fv2%2Fmedia&parent=13831"}],"wp:term":[{"taxonomy":"category","embeddable":true,"href":"https:\/\/www.visionweb.com.ar\/index.php?rest_route=%2Fwp%2Fv2%2Fcategories&post=13831"},{"taxonomy":"post_tag","embeddable":true,"href":"https:\/\/www.visionweb.com.ar\/index.php?rest_route=%2Fwp%2Fv2%2Ftags&post=13831"}],"curies":[{"name":"wp","href":"https:\/\/api.w.org\/{rel}","templated":true}]}}