{"id":13826,"date":"2024-03-05T09:10:43","date_gmt":"2024-03-05T12:10:43","guid":{"rendered":"https:\/\/www.visionweb.com.ar\/?p=13826"},"modified":"2024-03-04T21:20:54","modified_gmt":"2024-03-05T00:20:54","slug":"una-ong-de-lanus-desarrollara-proyecto-promocionar-los-derechos-de-personas-con-vih-sida","status":"publish","type":"post","link":"https:\/\/www.visionweb.com.ar\/?p=13826","title":{"rendered":"Una ONG de Lan\u00fas desarrollar\u00e1 proyecto promocionar los derechos de personas con VIH-Sida"},"content":{"rendered":"<p><em><strong>El proyecto buscar\u00e1 favorecer la aplicaci\u00f3n integral de la Ley 27.675\/22, a trav\u00e9s de una campa\u00f1a de comunicaci\u00f3n y acciones territoriales de prevenci\u00f3n e incidencia pol\u00edtica.<\/strong><\/em><!--more--><\/p>\n<p><img loading=\"lazy\" decoding=\"async\" class=\"size-medium wp-image-13827 alignleft\" src=\"https:\/\/www.visionweb.com.ar\/wp-content\/uploads\/2024\/03\/ONG-HIV-300x133.png\" alt=\"\" width=\"300\" height=\"133\" srcset=\"https:\/\/www.visionweb.com.ar\/wp-content\/uploads\/2024\/03\/ONG-HIV-300x133.png 300w, https:\/\/www.visionweb.com.ar\/wp-content\/uploads\/2024\/03\/ONG-HIV.png 640w\" sizes=\"auto, (max-width: 300px) 100vw, 300px\" \/>Una organizaci\u00f3n no gubernamental del distrito de Lan\u00fas,\u00a0 Buenos Aires, <strong>desarrolla tareas de prevenci\u00f3n de VIH-Sida,<\/strong>\u00a0 result\u00f3 seleccionada por una compa\u00f1\u00eda estadounidense para recibir financiamiento para mejorar el acceso a derechos de personas con VIH.<\/p>\n<p>La\u00a0<a href=\"https:\/\/empoderada.org.ar\/\" data-type=\"link\" data-id=\"https:\/\/empoderada.org.ar\/\">Fundaci\u00f3n por una Sociedad Empoderada<\/a>\u00a0ser\u00e1 financiada por la empresa Gilead Sciences para desarrollar un proyecto que\u00a0<strong>mejore la difusi\u00f3n de los contenidos de la Ley Nacional de Respuesta Integral al VIH, Hepatitis Virales, y otras Infecciones de Transmisi\u00f3n Sexual y Tuberculosis.<\/strong><\/p>\n<p>Para llevar adelante el proyecto se proponen distintas acciones, entre ellas, una\u00a0<strong>campa\u00f1a de comunicaci\u00f3n de alcance nacional<\/strong>\u00a0en redes sociales, radio y TV, la difusi\u00f3n de material informativo por medio de \u201cpegatina de afiches,<strong>\u00a0distribuci\u00f3n de volantes y de profil\u00e1cticos, testeos en la v\u00eda p\u00fablica, charlas en espacios comunitarios\u201d,<\/strong>\u00a0indicaron desde la Fundaci\u00f3n, en di\u00e1logo con AUNO.<\/p>\n<p><strong>Promulgaci\u00f3n<\/strong><\/p>\n<p>La\u00a0<a href=\"https:\/\/www.argentina.gob.ar\/normativa\/nacional\/ley-27675-368130\/texto\" data-type=\"link\" data-id=\"https:\/\/www.argentina.gob.ar\/normativa\/nacional\/ley-27675-368130\/texto\">Ley 27.675<\/a>, que promueve la protecci\u00f3n integral de las personas que conviven con VIH y otras ETS, fue promulgada el 18 de julio de 2022,<strong>\u00a0<\/strong>pero su implementaci\u00f3n a\u00fan\u00a0<strong>\u201cpresenta dificultades por falta de informaci\u00f3n\u201d<\/strong>, ya que tanto las instituciones como las personas sujetas de estos derechos, \u201cno logran acceder a informaci\u00f3n oportuna\u201d, se\u00f1ala la ONG.<\/p>\n<p>La normativa promueve\u00a0<strong>busca campa\u00f1a de sensibilizaci\u00f3n y difusi\u00f3n para la desestigmatizaci\u00f3n<\/strong>, y adem\u00e1s, establece pensiones especiales y jubilaciones para personas con VIH y Hepatitis Virales como avances importantes de la mencionada ley.<\/p>\n<p>\u201cComo Fundaci\u00f3n venimos desarrollando un trabajo de prevenci\u00f3n en VIH y otras ITS en el municipio de Lan\u00fas, instalando\u00a0<strong>la Carpa Roja en la estaci\u00f3n Lan\u00fas el 1\u00ba de diciembre, realizando charlas y encuentros en espacios comunitarios\u00a0<\/strong>para compartir informaci\u00f3n de la mano de profesionales, personas viviendo con VIH y activistas de Derechos Humanos\u201d, enfatizaron referentes de la organizaci\u00f3n.<\/p>\n<p>Este proyecto, el \u00fanico a implementarse en Argentina, fue seleccionado despu\u00e9s de un proceso de evaluaci\u00f3n donde solo ser\u00e1n financiadas seis propuestas en Am\u00e9rica Latina y el Caribe.<\/p>\n<p><strong>Apoyo<\/strong><\/p>\n<p>Para llevar adelante este proyecto, la fundaci\u00f3n contar\u00e1 con el apoyo de diversas asociaciones como la Asociaci\u00f3n Civil Ammar C\u00f3rdoba, la Asociaci\u00f3n Redes Nueva Frontera, la Fundaci\u00f3n Rumbos de Integraci\u00f3n y Desarrollo Regional, y la Red de Personas Viviendo con VIH de Mar del Plata.<\/p>\n<p>La Fundaci\u00f3n, creada en 2017, desarroll\u00f3 diversos proyectos de promoci\u00f3n, difusi\u00f3n y defensa de los derechos humanos con perspectiva de g\u00e9nero, con el objetivo de empoderar a las poblaciones m\u00e1s vulnerables, mediante acciones de comunicaci\u00f3n, investigaci\u00f3n, y capacitaci\u00f3n<strong>(VW\/Auno)<\/strong><\/p>\n<p>&nbsp;<\/p>\n<p>&nbsp;<\/p>\n","protected":false},"excerpt":{"rendered":"<p>El proyecto buscar\u00e1 favorecer la aplicaci\u00f3n integral de la Ley 27.675\/22, a trav\u00e9s de una campa\u00f1a de comunicaci\u00f3n y acciones territoriales de prevenci\u00f3n e incidencia pol\u00edtica.<\/p>\n","protected":false},"author":3,"featured_media":13827,"comment_status":"closed","ping_status":"closed","sticky":false,"template":"","format":"standard","meta":{"_monsterinsights_skip_tracking":false,"_monsterinsights_sitenote_active":false,"_monsterinsights_sitenote_note":"","_monsterinsights_sitenote_category":0,"footnotes":""},"categories":[5],"tags":[954,923,5780,5779],"class_list":["post-13826","post","type-post","status-publish","format-standard","has-post-thumbnail","hentry","category-sociedad","tag-financiamiento","tag-ong","tag-organiacion-internacional","tag-sida"],"_links":{"self":[{"href":"https:\/\/www.visionweb.com.ar\/index.php?rest_route=\/wp\/v2\/posts\/13826","targetHints":{"allow":["GET"]}}],"collection":[{"href":"https:\/\/www.visionweb.com.ar\/index.php?rest_route=\/wp\/v2\/posts"}],"about":[{"href":"https:\/\/www.visionweb.com.ar\/index.php?rest_route=\/wp\/v2\/types\/post"}],"author":[{"embeddable":true,"href":"https:\/\/www.visionweb.com.ar\/index.php?rest_route=\/wp\/v2\/users\/3"}],"replies":[{"embeddable":true,"href":"https:\/\/www.visionweb.com.ar\/index.php?rest_route=%2Fwp%2Fv2%2Fcomments&post=13826"}],"version-history":[{"count":1,"href":"https:\/\/www.visionweb.com.ar\/index.php?rest_route=\/wp\/v2\/posts\/13826\/revisions"}],"predecessor-version":[{"id":13828,"href":"https:\/\/www.visionweb.com.ar\/index.php?rest_route=\/wp\/v2\/posts\/13826\/revisions\/13828"}],"wp:featuredmedia":[{"embeddable":true,"href":"https:\/\/www.visionweb.com.ar\/index.php?rest_route=\/wp\/v2\/media\/13827"}],"wp:attachment":[{"href":"https:\/\/www.visionweb.com.ar\/index.php?rest_route=%2Fwp%2Fv2%2Fmedia&parent=13826"}],"wp:term":[{"taxonomy":"category","embeddable":true,"href":"https:\/\/www.visionweb.com.ar\/index.php?rest_route=%2Fwp%2Fv2%2Fcategories&post=13826"},{"taxonomy":"post_tag","embeddable":true,"href":"https:\/\/www.visionweb.com.ar\/index.php?rest_route=%2Fwp%2Fv2%2Ftags&post=13826"}],"curies":[{"name":"wp","href":"https:\/\/api.w.org\/{rel}","templated":true}]}}