{"id":13823,"date":"2024-03-05T08:57:55","date_gmt":"2024-03-05T11:57:55","guid":{"rendered":"https:\/\/www.visionweb.com.ar\/?p=13823"},"modified":"2024-03-04T20:56:33","modified_gmt":"2024-03-04T23:56:33","slug":"dengue-por-ahora-no-habra-vacuna","status":"publish","type":"post","link":"https:\/\/www.visionweb.com.ar\/?p=13823","title":{"rendered":"Dengue; Por ahora no habr\u00e1 vacuna"},"content":{"rendered":"<p><em><strong>El Gobierno se niega a autorizar su lanzamiento al mercado, pese a la aprobaci\u00f3n de la ANMAT, porque asegura que aun las pruebas no son suficientes.<\/strong><\/em>\u00a0 <!--more--><\/p>\n<p><img loading=\"lazy\" decoding=\"async\" class=\"size-medium wp-image-13238 alignright\" src=\"https:\/\/www.visionweb.com.ar\/wp-content\/uploads\/2024\/01\/mosquitos-3-300x230.png\" alt=\"\" width=\"300\" height=\"230\" srcset=\"https:\/\/www.visionweb.com.ar\/wp-content\/uploads\/2024\/01\/mosquitos-3-300x230.png 300w, https:\/\/www.visionweb.com.ar\/wp-content\/uploads\/2024\/01\/mosquitos-3.png 419w\" sizes=\"auto, (max-width: 300px) 100vw, 300px\" \/>El vocero presidencial Manuel Adorni afirm\u00f3 que aunque la vacuna contra el dengue \u201cfue autorizada por ANMAT durante la gesti\u00f3n anterior, a\u00fan no est\u00e1 validada como estrategia para evitar la propagaci\u00f3n de la enfermedad\u201d.<\/p>\n<p><strong>\u201cLa Organizaci\u00f3n Mundial del Salud (OMS) incluso ha indicado que no hay evidencia suficiente sobre su efectividad\u201d.<\/strong><\/p>\n<p>\u201cFue autorizada por la ANMAT, pero a\u00fan\u00a0<strong>no est\u00e1 validada como estrategia para evitar la propagaci\u00f3n de la enfermedad<\/strong>. La OMS indic\u00f3 que no hay evidencia suficiente sobre su efectividad\u201d, fueron las palabras de Adorni en su habitual conferencia de prensa.<\/p>\n<p>As\u00ed, aunque sin nombrarla,\u00a0<strong>respondi\u00f3 al pedido de Mirtha Legrand para que la vacuna se aplique gratis\u00a0<\/strong>por su elevado costo.<\/p>\n<p>La vacuna tetravalente contra el dengue del laboratorio japon\u00e9s Takeda (TAK-003), conocida como Qdenga, fue\u00a0<strong>aprobada en abril de 2023 en Argentina por la Administraci\u00f3n Nacional de Medicamentos, Alimentos y Tecnolog\u00eda M\u00e9dica<\/strong>\u00a0(ANMAT) y est\u00e1 disponible desde el 1 de noviembre de 2023.<\/p>\n<p>En la actualidad, se aplica bajo prescripci\u00f3n m\u00e9dica de un profesional de la salud. En rigor, la OMS respald\u00f3 la eficacia de la vacuna para disminuir los cuadros graves y la hospitalizaci\u00f3n por la infecci\u00f3n pero, hasta el momento, no se expres\u00f3 sobre su aplicaci\u00f3n a la poblaci\u00f3n general, sino que\u00a0<strong>inst\u00f3 a considerar su uso en grupos priorizados en zonas end\u00e9micas,\u00a0<\/strong>es decir, en entornos de \u201calta intensidad de transmisi\u00f3n\u201d.<\/p>\n<p>\u201cEl Ministerio de Salud contin\u00faa coordinando acciones con las provincias para enfrentar el brote\u201d, dijo Adorni y consider\u00f3 que, en ese sentido, \u201cla herramienta m\u00e1s importante es<strong>\u00a0eliminar todos los criaderos de mosquitos, es decir, los recipientes que contengan agua<\/strong>\u00a0tanto en el interior de las casas como en patios y jardines\u201d.<\/p>\n<p>Seg\u00fan las cifras actualizadas del \u00faltimo Bolet\u00edn Epidemiol\u00f3gico del Ministerio de Salud de la Naci\u00f3n, en lo que va del a\u00f1o se registraron<strong>\u00a037 muertes y 57.461 casos de dengue en todo el pa\u00eds, una cifra de contagios 2.153%\u00a0<\/strong>superior a lo notificado para el mismo periodo en 2023, cuando se reportaron 2.550 infecciones.<\/p>\n<p>En la provincia de Buenos Aires, los contagios crecieron m\u00e1s de un 160% en una semana y son 29 los municipios con circulaci\u00f3n aut\u00f3ctona. El ministro de Salud bonaerense, Nicol\u00e1s Kreplak, advirti\u00f3 recientemente que\u00a0<strong>se trata de la mayor epidemia de dengue de la historia<\/strong> en el pa\u00eds y reclam\u00f3 al Gobierno nacional que lleve adelante campa\u00f1as de prevenci\u00f3n<strong>(VW)<\/strong>.<\/p>\n","protected":false},"excerpt":{"rendered":"<p>El Gobierno se niega a autorizar su lanzamiento al mercado, pese a la aprobaci\u00f3n de la ANMAT, porque asegura que aun las pruebas no son suficientes.\u00a0<\/p>\n","protected":false},"author":3,"featured_media":13238,"comment_status":"closed","ping_status":"closed","sticky":false,"template":"","format":"standard","meta":{"_monsterinsights_skip_tracking":false,"_monsterinsights_sitenote_active":false,"_monsterinsights_sitenote_note":"","_monsterinsights_sitenote_category":0,"footnotes":""},"categories":[8],"tags":[899,396,1670,366],"class_list":["post-13823","post","type-post","status-publish","format-standard","has-post-thumbnail","hentry","category-interes-general","tag-anmat","tag-autorizacion","tag-sociedad","tag-vacuna"],"_links":{"self":[{"href":"https:\/\/www.visionweb.com.ar\/index.php?rest_route=\/wp\/v2\/posts\/13823","targetHints":{"allow":["GET"]}}],"collection":[{"href":"https:\/\/www.visionweb.com.ar\/index.php?rest_route=\/wp\/v2\/posts"}],"about":[{"href":"https:\/\/www.visionweb.com.ar\/index.php?rest_route=\/wp\/v2\/types\/post"}],"author":[{"embeddable":true,"href":"https:\/\/www.visionweb.com.ar\/index.php?rest_route=\/wp\/v2\/users\/3"}],"replies":[{"embeddable":true,"href":"https:\/\/www.visionweb.com.ar\/index.php?rest_route=%2Fwp%2Fv2%2Fcomments&post=13823"}],"version-history":[{"count":2,"href":"https:\/\/www.visionweb.com.ar\/index.php?rest_route=\/wp\/v2\/posts\/13823\/revisions"}],"predecessor-version":[{"id":13825,"href":"https:\/\/www.visionweb.com.ar\/index.php?rest_route=\/wp\/v2\/posts\/13823\/revisions\/13825"}],"wp:featuredmedia":[{"embeddable":true,"href":"https:\/\/www.visionweb.com.ar\/index.php?rest_route=\/wp\/v2\/media\/13238"}],"wp:attachment":[{"href":"https:\/\/www.visionweb.com.ar\/index.php?rest_route=%2Fwp%2Fv2%2Fmedia&parent=13823"}],"wp:term":[{"taxonomy":"category","embeddable":true,"href":"https:\/\/www.visionweb.com.ar\/index.php?rest_route=%2Fwp%2Fv2%2Fcategories&post=13823"},{"taxonomy":"post_tag","embeddable":true,"href":"https:\/\/www.visionweb.com.ar\/index.php?rest_route=%2Fwp%2Fv2%2Ftags&post=13823"}],"curies":[{"name":"wp","href":"https:\/\/api.w.org\/{rel}","templated":true}]}}