{"id":13802,"date":"2024-03-04T09:13:28","date_gmt":"2024-03-04T12:13:28","guid":{"rendered":"https:\/\/www.visionweb.com.ar\/?p=13802"},"modified":"2024-03-04T09:13:28","modified_gmt":"2024-03-04T12:13:28","slug":"kicillof-recurrira-a-la-justicia-por-la-eliminacion-del-fondo-de-fortalecimiento-fiscal","status":"publish","type":"post","link":"https:\/\/www.visionweb.com.ar\/?p=13802","title":{"rendered":"Kicillof recurrir\u00e1 a la Justicia por la eliminaci\u00f3n del Fondo de Fortalecimiento Fiscal"},"content":{"rendered":"<p><em><strong>El gobernador bonaerense explic\u00f3 que el FISU que Milei elimin\u00f3 \u201cde manera totalmente sorpresiva y arbitraria\u201d<\/strong><\/em><!--more--><\/p>\n<p><img loading=\"lazy\" decoding=\"async\" class=\"size-medium wp-image-7951 alignright\" src=\"https:\/\/www.visionweb.com.ar\/wp-content\/uploads\/2022\/10\/Kicillof-archivo-300x246.jpg\" alt=\"\" width=\"300\" height=\"246\" srcset=\"https:\/\/www.visionweb.com.ar\/wp-content\/uploads\/2022\/10\/Kicillof-archivo-300x246.jpg 300w, https:\/\/www.visionweb.com.ar\/wp-content\/uploads\/2022\/10\/Kicillof-archivo.bmp 620w\" sizes=\"auto, (max-width: 300px) 100vw, 300px\" \/>El gobernador bonaerense, Axel Kicillof, asegur\u00f3 que no dejar\u00e1 de \u201cpelear por lo que le corresponde al pueblo de la provincia de Buenos Aires\u201d, ante el recorte de fondos por parte del Gobierno nacional. Adem\u00e1s, anticip\u00f3 una reuni\u00f3n con mandatarios provinciales \u201cpara dar una respuesta contundente\u201d<\/p>\n<p>A trav\u00e9s del\u00a0<a href=\"https:\/\/www.boletinoficial.gob.ar\/detalleAviso\/primera\/303999\/20240226\">decreto 192\/2024<\/a>, publicado el 26 de febrero en el Bolet\u00edn Oficial, e<strong>l Presidente elimin\u00f3 el Fondo de Fortalecimiento Fiscal de la Provincia de Buenos Aires (FISU)<\/strong>, creado por el ex mandatario Alberto Fern\u00e1ndez y por el cual se destinaba al distrito un porcentaje de recursos coparticipables adicionales que la ciudad de Buenos Aires recib\u00eda por el traspaso de la Polic\u00eda Federal.<\/p>\n<p>Kicillof consider\u00f3 que la medida es de una \u201cgravedad in\u00e9dita\u201d, al sostener que\u00a0<strong>el Presidente \u201cha decidido configurar un Estado que deserta y abandona sus obligaciones m\u00e1s elementales\u201d,<\/strong>\u00a0que \u201csomete al pueblo a un ajuste salvaje\u201d, y \u201croba los recursos de las provincias\u201d.<\/p>\n<p>\u201cNo son recursos ni de un gobernador ni de un gobierno, son recursos del pueblo de la provincia de Buenos Aires\u201d, asegur\u00f3 Kicillof este lunes 26 de febrero en una conferencia de prensa, acompa\u00f1ado de la vicegobernadora bonaerense, Ver\u00f3nica Magario, y ante la presencia de su gabinete, intendentes bonaerenses, dirigentes gremiales, y legisladores nacionales y provinciales.<\/p>\n<p>Al respecto, se\u00f1al\u00f3 que la medida \u201ces equiparable a varios de los recortes\u201d que impulsa el Gobierno Nacional, como\u00a0<a href=\"https:\/\/auno.org.ar\/docentes-exigen-al-gobierno-nacional-fondos-para-politicas-publicas-educativas\">la eliminaci\u00f3n del Fondo de Incentivo Docente (FONID)<\/a>\u00a0y\u00a0<a href=\"https:\/\/auno.org.ar\/tarjeta-sube-como-acceder-a-la-tarifa-social\">el Fondo de subsidios al transporte p\u00fablico.<\/a><\/p>\n<p>\u201cEl ajuste no fue ni contra la casta, ni contra un sector exclusivamente, ni contra la pol\u00edtica.\u00a0<strong>El ajuste, y hoy est\u00e1 claro, fue contra el pueblo de la Provincia y de todo el pa\u00eds\u201d,\u00a0<\/strong>reiter\u00f3 Kicillof, a la vez que argument\u00f3 que \u201cel fundamento\u201d del decreto 192 es el\u00a0<a href=\"https:\/\/auno.org.ar\/dnu-de-milei-cuales-son-los-puntos-clave-y-como-impactaran-en-los-hogares-argentinos\">Decreto de Necesidad y Urgencia (DNU) 70\/2023<\/a>, con el que el Presidente \u201crevent\u00f3 a la clase media\u201d.<\/p>\n<p>El gobernador bonaerense explic\u00f3 que el FISU que Milei elimin\u00f3 \u201cde manera totalmente sorpresiva y arbitraria\u201d, cuando fue creado en septiembre de 2020, se utiliz\u00f3 para \u201crecuperar sueldos\u201d de la polic\u00eda bonaerense, la compra de equipamiento, chalecos antibalas, tecnolog\u00eda, formaci\u00f3n, capacitaci\u00f3n y para comprar 5.000 patrulleros.<\/p>\n<p>\u201cPero tambi\u00e9n ese fondo est\u00e1 vinculado a programas que no solo fueron oportunos y \u00fatiles, sino que es necesario continuar, como los comedores escolares\u201d, precis\u00f3 Kicillof y asegur\u00f3 que su eliminaci\u00f3n \u201cafecta las plazas carcelarias que se est\u00e1n construyendo, afecta los centros de salud y las nuevas escuelas\u201d<strong>(VW)<\/strong>.<\/p>\n","protected":false},"excerpt":{"rendered":"<p>El gobernador bonaerense explic\u00f3 que el FISU que Milei elimin\u00f3 \u201cde manera totalmente sorpresiva y arbitraria\u201d<\/p>\n","protected":false},"author":3,"featured_media":7951,"comment_status":"closed","ping_status":"closed","sticky":false,"template":"","format":"standard","meta":{"_monsterinsights_skip_tracking":false,"_monsterinsights_sitenote_active":false,"_monsterinsights_sitenote_note":"","_monsterinsights_sitenote_category":0,"footnotes":""},"categories":[4],"tags":[1738,5770,167],"class_list":["post-13802","post","type-post","status-publish","format-standard","has-post-thumbnail","hentry","category-politica","tag-fiscal","tag-fondo","tag-kicillof"],"_links":{"self":[{"href":"https:\/\/www.visionweb.com.ar\/index.php?rest_route=\/wp\/v2\/posts\/13802","targetHints":{"allow":["GET"]}}],"collection":[{"href":"https:\/\/www.visionweb.com.ar\/index.php?rest_route=\/wp\/v2\/posts"}],"about":[{"href":"https:\/\/www.visionweb.com.ar\/index.php?rest_route=\/wp\/v2\/types\/post"}],"author":[{"embeddable":true,"href":"https:\/\/www.visionweb.com.ar\/index.php?rest_route=\/wp\/v2\/users\/3"}],"replies":[{"embeddable":true,"href":"https:\/\/www.visionweb.com.ar\/index.php?rest_route=%2Fwp%2Fv2%2Fcomments&post=13802"}],"version-history":[{"count":1,"href":"https:\/\/www.visionweb.com.ar\/index.php?rest_route=\/wp\/v2\/posts\/13802\/revisions"}],"predecessor-version":[{"id":13803,"href":"https:\/\/www.visionweb.com.ar\/index.php?rest_route=\/wp\/v2\/posts\/13802\/revisions\/13803"}],"wp:featuredmedia":[{"embeddable":true,"href":"https:\/\/www.visionweb.com.ar\/index.php?rest_route=\/wp\/v2\/media\/7951"}],"wp:attachment":[{"href":"https:\/\/www.visionweb.com.ar\/index.php?rest_route=%2Fwp%2Fv2%2Fmedia&parent=13802"}],"wp:term":[{"taxonomy":"category","embeddable":true,"href":"https:\/\/www.visionweb.com.ar\/index.php?rest_route=%2Fwp%2Fv2%2Fcategories&post=13802"},{"taxonomy":"post_tag","embeddable":true,"href":"https:\/\/www.visionweb.com.ar\/index.php?rest_route=%2Fwp%2Fv2%2Ftags&post=13802"}],"curies":[{"name":"wp","href":"https:\/\/api.w.org\/{rel}","templated":true}]}}