{"id":13795,"date":"2024-03-01T11:02:32","date_gmt":"2024-03-01T14:02:32","guid":{"rendered":"https:\/\/www.visionweb.com.ar\/?p=13795"},"modified":"2024-03-01T11:02:32","modified_gmt":"2024-03-01T14:02:32","slug":"capacitacion-en-la-provincia-reabren-la-inscripcion-a-la-escuela-de-libreros","status":"publish","type":"post","link":"https:\/\/www.visionweb.com.ar\/?p=13795","title":{"rendered":"Capacitaci\u00f3n en la Provincia: Reabren la inscripci\u00f3n a la escuela de libreros"},"content":{"rendered":"<p><em><strong>La Provincia de Buenos Aires propone este a\u00f1o un nuevo curso a trav\u00e9s de encuentros virtuales para ayudar en la formaci\u00f3n de libreros y del sector editorial. El objetivo es afianzar la lectura en toda la comunidad. Las inscripciones son hasta el pr\u00f3ximo lunes 4.<\/strong><\/em><!--more--><\/p>\n<p><strong> <img loading=\"lazy\" decoding=\"async\" class=\"size-full wp-image-10407 alignright\" src=\"https:\/\/www.visionweb.com.ar\/wp-content\/uploads\/2023\/04\/libros.png\" alt=\"\" width=\"275\" height=\"183\" \/>\u00a0 E<\/strong>n el marco del \u00abPlan Bonaerense de Fortalecimiento del Libro y la Lectura\u00bb del\u00a0<strong>Instituto Cultural<\/strong>\u00a0<strong>de la<\/strong> <strong>provincia de Buenos Aires, <\/strong>se reabre la inscripci\u00f3n a la capacitaci\u00f3n de la <strong>\u201cEscuela de libreros y libreras\u201d<\/strong>, que en esta ocasi\u00f3n ser\u00e1 con encuentros virtuales.<\/p>\n<p>Esta escuela ser\u00eda la\u00a0<strong>continuidad del curso que se brind\u00f3 el a\u00f1o pasado<\/strong>, que cont\u00f3 con la participaci\u00f3n de 562 inscriptos y que se trat\u00f3 de 5 encuentros en los que 8 profesionales del tema compartieron sus conocimientos para colaborar en el\u00a0<strong>crecimiento de las librer\u00edas y generar un aumento en la lectura<\/strong>\u00a0en s\u00ed.<\/p>\n<p>Para esta edici\u00f3n, el sector que m\u00e1s se busca formar es el de la\u00a0<strong>editorial<\/strong>\u00a0ya que se dar\u00e1n herramientas concretas para llevar adelante una librer\u00eda y el rol de los trabajadores de ellas para <strong>difundir m\u00e1s la lectura en toda la comunidad<\/strong>.<\/p>\n<p><strong>C\u00f3mo ser\u00e1 el curso:<\/strong><\/p>\n<ul>\n<li>El primero se desarrollar\u00e1 el\u00a0<strong>7 de marzo<\/strong>y estar\u00e1 destinado a analizar c\u00f3mo llevar adelante una librer\u00eda: desaf\u00edo de los primeros pasos, gesti\u00f3n y organizaci\u00f3n inicial. Estar\u00e1 a cargo de\u00a0<strong>Federico Navamuel<\/strong>.<\/li>\n<\/ul>\n<ul>\n<li>El segundo estar\u00e1 destinado al rol cultural que cumple el librero\/a y se iniciar\u00e1 el jueves\u00a0<strong>14 de marzo<\/strong>, a cargo de\u00a0<strong>Julia Bustos<\/strong>.<\/li>\n<li>El tercero se llevar\u00e1 a cabo el jueves\u00a0<strong>21 de marzo<\/strong>\u00a0y estar\u00e1 a cargo de\u00a0<strong>Sebasti\u00e1n Alvaredo<\/strong>. Se trabajar\u00e1 el eje de comunicaci\u00f3n y marketing para librer\u00edas.<\/li>\n<li>El cuarto, que ser\u00e1 el jueves\u00a0<strong>4 de abril<\/strong>, estar\u00e1 a cargo de\u00a0<strong>Federico Gori<\/strong>\u00a0y tendr\u00e1 como tem\u00e1tica \u201cC\u00f3mo contar un libro\u201d.<\/li>\n<li>El<strong>\u00a0jueves 11<\/strong>, se realizar\u00e1 el quinto encuentro y tendr\u00e1 como responsable a\u00a0<strong>Federico G. Dabat<\/strong>. La tem\u00e1tica tratar\u00e1 sobre c\u00f3mo administrar una librer\u00eda de libros usados y antiguos<\/li>\n<li>Finalmente, el sexto encuentro ser\u00e1 el<strong>\u00a0jueves 18 de abril<\/strong>\u00a0y se realizar\u00e1 una instancia de cierre de la que\u00a0<strong>participar\u00e1n todos los talleristas<\/strong>\u00a0de la capacitaci\u00f3n.<\/li>\n<\/ul>\n<p>Cada encuentro virtual tendr\u00e1 un foco distinto y ser\u00e1 llevado a cabo por un profesional diferente, salvo el \u00faltimo que funcionar\u00e1 para realizar las conclusiones y puestas en com\u00fan.\u00a0<strong>Las inscripciones son hasta el pr\u00f3ximo lunes<\/strong>\u00a0y se realizan desde\u00a0<strong><a href=\"https:\/\/docs.google.com\/forms\/d\/e\/1FAIpQLScBBXEsBueJEoR_nm3HhrcFNK-ccOojIIRlFgGqtZHI4l44Lg\/viewform\">este enlace<\/a><\/strong><strong>.<\/strong><\/p>\n<p><strong>Por dudas y consultas, pueden escribir a\u00a0<a href=\"mailto:asistenciaferiaspba@gmail.com\" target=\"_blank\" rel=\"noopener noreferrer\"><u>asistenciaferiasicpba@gmail.com<\/u><\/a>\u00a0 Los encuentros ser\u00e1n los jueves de 18 a 20 horas, a trav\u00e9s de la plataforma Zoom.<\/strong> <strong>(VW)<\/strong><\/p>\n","protected":false},"excerpt":{"rendered":"<p>La Provincia de Buenos Aires propone este a\u00f1o un nuevo curso a trav\u00e9s de encuentros virtuales para ayudar en la formaci\u00f3n de libreros y del sector editorial. El objetivo es afianzar la lectura en&#46;&#46;&#46;<\/p>\n","protected":false},"author":4,"featured_media":10407,"comment_status":"closed","ping_status":"closed","sticky":false,"template":"","format":"standard","meta":{"_monsterinsights_skip_tracking":false,"_monsterinsights_sitenote_active":false,"_monsterinsights_sitenote_note":"","_monsterinsights_sitenote_category":0,"footnotes":""},"categories":[7],"tags":[949,1847,5768,5769,356],"class_list":["post-13795","post","type-post","status-publish","format-standard","has-post-thumbnail","hentry","category-educacion-y-cultura","tag-capacitacion","tag-curso-virtual","tag-escuela-de-libreros","tag-instituto-cultural","tag-provincia"],"_links":{"self":[{"href":"https:\/\/www.visionweb.com.ar\/index.php?rest_route=\/wp\/v2\/posts\/13795","targetHints":{"allow":["GET"]}}],"collection":[{"href":"https:\/\/www.visionweb.com.ar\/index.php?rest_route=\/wp\/v2\/posts"}],"about":[{"href":"https:\/\/www.visionweb.com.ar\/index.php?rest_route=\/wp\/v2\/types\/post"}],"author":[{"embeddable":true,"href":"https:\/\/www.visionweb.com.ar\/index.php?rest_route=\/wp\/v2\/users\/4"}],"replies":[{"embeddable":true,"href":"https:\/\/www.visionweb.com.ar\/index.php?rest_route=%2Fwp%2Fv2%2Fcomments&post=13795"}],"version-history":[{"count":1,"href":"https:\/\/www.visionweb.com.ar\/index.php?rest_route=\/wp\/v2\/posts\/13795\/revisions"}],"predecessor-version":[{"id":13796,"href":"https:\/\/www.visionweb.com.ar\/index.php?rest_route=\/wp\/v2\/posts\/13795\/revisions\/13796"}],"wp:featuredmedia":[{"embeddable":true,"href":"https:\/\/www.visionweb.com.ar\/index.php?rest_route=\/wp\/v2\/media\/10407"}],"wp:attachment":[{"href":"https:\/\/www.visionweb.com.ar\/index.php?rest_route=%2Fwp%2Fv2%2Fmedia&parent=13795"}],"wp:term":[{"taxonomy":"category","embeddable":true,"href":"https:\/\/www.visionweb.com.ar\/index.php?rest_route=%2Fwp%2Fv2%2Fcategories&post=13795"},{"taxonomy":"post_tag","embeddable":true,"href":"https:\/\/www.visionweb.com.ar\/index.php?rest_route=%2Fwp%2Fv2%2Ftags&post=13795"}],"curies":[{"name":"wp","href":"https:\/\/api.w.org\/{rel}","templated":true}]}}