{"id":13785,"date":"2024-03-01T08:00:50","date_gmt":"2024-03-01T11:00:50","guid":{"rendered":"https:\/\/www.visionweb.com.ar\/?p=13785"},"modified":"2024-03-01T00:01:54","modified_gmt":"2024-03-01T03:01:54","slug":"en-lanus-declaran-la-emergencia-sanitaria-por-el-dengue","status":"publish","type":"post","link":"https:\/\/www.visionweb.com.ar\/?p=13785","title":{"rendered":"En Lan\u00fas declaran la emergencia sanitaria por el dengue"},"content":{"rendered":"<p><em><strong>Ser\u00e1 por tres meses y es para reasignar recursos para hacer frente a la lucha contra contra el dengue. En la sesi\u00f3n extraordinaria se voto tambi\u00e9n el emplezamiento de los bustos de los ex presidentes Ra\u00fal Alfons\u00edn y N\u00e9stor Kirchner en el hall central del edificio municipal.<\/strong><\/em>\u00a0 <!--more--><\/p>\n<p><img loading=\"lazy\" decoding=\"async\" class=\"size-medium wp-image-13786 alignright\" src=\"https:\/\/www.visionweb.com.ar\/wp-content\/uploads\/2024\/02\/CD-LANUS-300x176.png\" alt=\"\" width=\"300\" height=\"176\" srcset=\"https:\/\/www.visionweb.com.ar\/wp-content\/uploads\/2024\/02\/CD-LANUS-300x176.png 300w, https:\/\/www.visionweb.com.ar\/wp-content\/uploads\/2024\/02\/CD-LANUS.png 640w\" sizes=\"auto, (max-width: 300px) 100vw, 300px\" \/>Con la presencia de 23 ediles,\u00a0 el Consejo Deliberante de Lan\u00fas, vot\u00f3 este jueves, en sesi\u00f3n extraordinaria la emergencia sanitaria en el distrito para disponer de los recursos que permitir\u00e1n adquirir los insumos necesarios para asistir a los vecinos.<\/p>\n<p>Los ediles votaron por mayor\u00eda absoluta la emergencia sanitaria en contexto de dengue, de modo qu\u00e9 se aprob\u00f3 es Expediente B 00025\/24, remitido por el Departamento Ejecutivo.<\/p>\n<p>Por otra parte, 13 concejales votaron por la afirmativa el emplazamiento del busto de los\u00a0 ex presidentes N\u00e9stor Kirchner\u00a0 y Ra\u00fal Alfons\u00edn en el hall central del edificio municipal, en tanto que 10 legisladores se pronunciaron por la negativa.<\/p>\n<p>En tanto, el bloque Juntos por Lan\u00fas cuestion\u00f3, en un comunicado, la decisi\u00f3n del intendente Juli\u00e1n Alvarez de impulsar el emplazamiento del bustos del ex presidente Kirchner en el hall central del municipio, porque, \u00abhasta el viernes\u00bb \u00faltimo, esa iniciativa hab\u00eda tomado estado parlamentario y no contaba con el aval del CD.<\/p>\n<p>\u00abPara el emplazamiento de bustos, estatuas, etc. y\/o cambio de nombres en espacios de dominio municipal, ya sean p\u00fablicos y\/o privados requiere de la autorizaci\u00f3n por parte del Concejo Deliberante y si bien, el viernes fue presentado a \u00faltima hora el proyecto por parte de su bloque, a\u00fan no tomo estado parlamentario\u00bb, se\u00f1alaron desde el bloque.<\/p>\n<p>En otro orden de temas, el bloque Uni\u00f3n por la Patria autoriz\u00f3 el ejecutivo a que la primera sesi\u00f3n ordinaria correspondiente al per\u00edodo 29\u00aa 2024\/2025, se realice en el auditorio de la Universidad Nacional de Lan\u00fas. LA iniciativa fue aprobada\u00a0 por 13 votos a favor y 10 en contra<strong>(VW)<\/strong>.<\/p>\n<p>&nbsp;<\/p>\n<p>&nbsp;<\/p>\n","protected":false},"excerpt":{"rendered":"<p>Ser\u00e1 por tres meses y es para reasignar recursos para hacer frente a la lucha contra contra el dengue. En la sesi\u00f3n extraordinaria se voto tambi\u00e9n el emplezamiento de los bustos de los ex&#46;&#46;&#46;<\/p>\n","protected":false},"author":3,"featured_media":13786,"comment_status":"closed","ping_status":"closed","sticky":false,"template":"","format":"standard","meta":{"_monsterinsights_skip_tracking":false,"_monsterinsights_sitenote_active":false,"_monsterinsights_sitenote_note":"","_monsterinsights_sitenote_category":0,"footnotes":""},"categories":[4],"tags":[4183,19,5764,5473],"class_list":["post-13785","post","type-post","status-publish","format-standard","has-post-thumbnail","hentry","category-politica","tag-cd","tag-lanus","tag-monumentos","tag-sesion-extraordinaria"],"_links":{"self":[{"href":"https:\/\/www.visionweb.com.ar\/index.php?rest_route=\/wp\/v2\/posts\/13785","targetHints":{"allow":["GET"]}}],"collection":[{"href":"https:\/\/www.visionweb.com.ar\/index.php?rest_route=\/wp\/v2\/posts"}],"about":[{"href":"https:\/\/www.visionweb.com.ar\/index.php?rest_route=\/wp\/v2\/types\/post"}],"author":[{"embeddable":true,"href":"https:\/\/www.visionweb.com.ar\/index.php?rest_route=\/wp\/v2\/users\/3"}],"replies":[{"embeddable":true,"href":"https:\/\/www.visionweb.com.ar\/index.php?rest_route=%2Fwp%2Fv2%2Fcomments&post=13785"}],"version-history":[{"count":2,"href":"https:\/\/www.visionweb.com.ar\/index.php?rest_route=\/wp\/v2\/posts\/13785\/revisions"}],"predecessor-version":[{"id":13788,"href":"https:\/\/www.visionweb.com.ar\/index.php?rest_route=\/wp\/v2\/posts\/13785\/revisions\/13788"}],"wp:featuredmedia":[{"embeddable":true,"href":"https:\/\/www.visionweb.com.ar\/index.php?rest_route=\/wp\/v2\/media\/13786"}],"wp:attachment":[{"href":"https:\/\/www.visionweb.com.ar\/index.php?rest_route=%2Fwp%2Fv2%2Fmedia&parent=13785"}],"wp:term":[{"taxonomy":"category","embeddable":true,"href":"https:\/\/www.visionweb.com.ar\/index.php?rest_route=%2Fwp%2Fv2%2Fcategories&post=13785"},{"taxonomy":"post_tag","embeddable":true,"href":"https:\/\/www.visionweb.com.ar\/index.php?rest_route=%2Fwp%2Fv2%2Ftags&post=13785"}],"curies":[{"name":"wp","href":"https:\/\/api.w.org\/{rel}","templated":true}]}}