{"id":13780,"date":"2024-02-29T11:09:37","date_gmt":"2024-02-29T14:09:37","guid":{"rendered":"https:\/\/www.visionweb.com.ar\/?p=13780"},"modified":"2024-02-29T11:10:38","modified_gmt":"2024-02-29T14:10:38","slug":"provincia-arba-anticiparia-el-cobro-de-arba-para-grandes-contribuyentes-y-los-industriales-no-lo-aceptan","status":"publish","type":"post","link":"https:\/\/www.visionweb.com.ar\/?p=13780","title":{"rendered":"Provincia: ARBA anticipar\u00eda el cobro de ingresos brutos para grandes contribuyentes y los industriales no lo aceptan"},"content":{"rendered":"<p><em><strong>ARBA anunci\u00f3 la implementaci\u00f3n de un anticipo de Ingresos Brutos para asistir a la Provincia en medio de los recortes. Los industriales no quieren pagar ese anticipo adicional.<\/strong><\/em><!--more--><\/p>\n<p><strong><img loading=\"lazy\" decoding=\"async\" class=\"size-medium wp-image-10276 alignright\" src=\"https:\/\/www.visionweb.com.ar\/wp-content\/uploads\/2023\/04\/ARBA-300x168.png\" alt=\"\" width=\"300\" height=\"168\" srcset=\"https:\/\/www.visionweb.com.ar\/wp-content\/uploads\/2023\/04\/ARBA-300x168.png 300w, https:\/\/www.visionweb.com.ar\/wp-content\/uploads\/2023\/04\/ARBA.png 647w\" sizes=\"auto, (max-width: 300px) 100vw, 300px\" \/>\u00a0 \u00a0 E<\/strong>l<strong> gobierno de la provincia de Buenos Aires <\/strong>decidi\u00f3 activar un<strong> cobro anticipado adicional de Ingresos Brutos, <\/strong>en busca de alternativas para no desfinanciarse por el ajuste fiscal del gobierno de <strong>Javier Milei<\/strong>, quien orden\u00f3 el cierre de varios fondos.<strong> El sector industrial lo rechaza.<\/strong><\/p>\n<p>En ese marco, la\u00a0<strong>Agencia de Recaudaci\u00f3n de la provincia de Buenos Aires (ARBA) <\/strong>dispuso un pago anticipado adicional del impuesto a los ingresos brutos.<\/p>\n<p>Las principales entidades\u00a0industriales del pa\u00eds salieron a repudiar el cobro del anticipo adicional de Ingresos Brutos reglamentado por\u00a0<strong>ARBA<\/strong>. La posibilidad hab\u00eda quedado estipulada en la Lay impositiva 2024, y se activ\u00f3 en medio del\u00a0<strong>ajuste fiscal<\/strong>\u00a0de\u00a0<strong>Javier Milei<\/strong>.<\/p>\n<p>A trav\u00e9s de un <strong>comunicado<\/strong>, la Uni\u00f3n Industrial Argentina (<strong>UIA<\/strong>), su par bonaerense (<strong>UIAPBA<\/strong>) y la Asociaci\u00f3n de Industriales de la Provincia de Buenos Aires (<strong>ADIBA<\/strong>) expresaron su \u00abgrave preocupaci\u00f3n\u00bb por el cobro de este tributo.<\/p>\n<p>Seg\u00fan se\u00f1alaron en el documento, \u00ab<strong>quita capital de trabajo a la industria en momento de ca\u00edda de la actividad<\/strong>\u00ab.<\/p>\n<p>\u00abLa<strong>\u00a0recuperaci\u00f3n econ\u00f3mica<\/strong>\u00a0del pa\u00eds debe necesariamente surgir del<strong>\u00a0desarrollo productivo<\/strong>\u00a0con generaci\u00f3n de\u00a0<strong>empleo formal<\/strong>\u00a0y los\u00a0<strong>incrementos de la presi\u00f3n tributaria y de la carga financiera al sector productivo<\/strong>\u00a0dificultan el cumplimiento de este objetivo\u00bb, consignaron en el comunicado.<\/p>\n<p>Por su parte, el mandatario bonaerense, Axel Kicillof, dijo el \u00faltimo martes que: \u00abTienen que seguir funcionando los servicios que presta la Provincia\u00bb, luego de que el Gobierno nacional confirmara que no dar\u00e1 continuidad al Fondo Nacional de Incentivo Docente (FONID), el Fondo Compensador del Transporte y el de Fortalecimiento Fiscal.<\/p>\n<p>Las arcas provinciales, seg\u00fan expres\u00f3 el gobernador, y los servicios que sostiene viven \u00aben una situaci\u00f3n de incertidumbre\u00bb y la llave para destrabar este nudo <strong>podr\u00eda estar en la Ley Impositiva 2024<\/strong>.<\/p>\n<p><strong>En qu\u00e9 consiste el anticipo adicional de Ingresos Brutos:<\/strong><\/p>\n<p>ARBA cobrar\u00e1 un anticipo adicional del impuesto a los Ingresos Brutos para \u00abobtener los recursos necesarios para garantizar el funcionamiento del Estado\u00bb.<\/p>\n<p><strong>El tributo solo deber\u00e1n pagarlo quienes revistan el car\u00e1cter de grandes contribuyentes y desarrollen una actividad \u00abcon un grado de concentraci\u00f3n elevado\u00bb<\/strong>.<\/p>\n<p>La fecha l\u00edmite para pagarlo es el 8 de marzo. Vale aclarar que las empresas que deban pagarlo se podr\u00edan beneficiar con una reducci\u00f3n de al\u00edcuotas en todos los reg\u00edmenes de recaudaci\u00f3n. <strong>(VW)<\/strong><\/p>\n<p>&nbsp;<\/p>\n","protected":false},"excerpt":{"rendered":"<p>ARBA anunci\u00f3 la implementaci\u00f3n de un anticipo de Ingresos Brutos para asistir a la Provincia en medio de los recortes. Los industriales no quieren pagar ese anticipo adicional.<\/p>\n","protected":false},"author":4,"featured_media":10276,"comment_status":"closed","ping_status":"closed","sticky":false,"template":"","format":"standard","meta":{"_monsterinsights_skip_tracking":false,"_monsterinsights_sitenote_active":false,"_monsterinsights_sitenote_note":"","_monsterinsights_sitenote_category":0,"footnotes":""},"categories":[6,4],"tags":[5762,1678,167,356,1774],"class_list":["post-13780","post","type-post","status-publish","format-standard","has-post-thumbnail","hentry","category-economia","category-politica","tag-anticipo-ingresos-brutos","tag-industriales","tag-kicillof","tag-provincia","tag-uia"],"_links":{"self":[{"href":"https:\/\/www.visionweb.com.ar\/index.php?rest_route=\/wp\/v2\/posts\/13780","targetHints":{"allow":["GET"]}}],"collection":[{"href":"https:\/\/www.visionweb.com.ar\/index.php?rest_route=\/wp\/v2\/posts"}],"about":[{"href":"https:\/\/www.visionweb.com.ar\/index.php?rest_route=\/wp\/v2\/types\/post"}],"author":[{"embeddable":true,"href":"https:\/\/www.visionweb.com.ar\/index.php?rest_route=\/wp\/v2\/users\/4"}],"replies":[{"embeddable":true,"href":"https:\/\/www.visionweb.com.ar\/index.php?rest_route=%2Fwp%2Fv2%2Fcomments&post=13780"}],"version-history":[{"count":2,"href":"https:\/\/www.visionweb.com.ar\/index.php?rest_route=\/wp\/v2\/posts\/13780\/revisions"}],"predecessor-version":[{"id":13782,"href":"https:\/\/www.visionweb.com.ar\/index.php?rest_route=\/wp\/v2\/posts\/13780\/revisions\/13782"}],"wp:featuredmedia":[{"embeddable":true,"href":"https:\/\/www.visionweb.com.ar\/index.php?rest_route=\/wp\/v2\/media\/10276"}],"wp:attachment":[{"href":"https:\/\/www.visionweb.com.ar\/index.php?rest_route=%2Fwp%2Fv2%2Fmedia&parent=13780"}],"wp:term":[{"taxonomy":"category","embeddable":true,"href":"https:\/\/www.visionweb.com.ar\/index.php?rest_route=%2Fwp%2Fv2%2Fcategories&post=13780"},{"taxonomy":"post_tag","embeddable":true,"href":"https:\/\/www.visionweb.com.ar\/index.php?rest_route=%2Fwp%2Fv2%2Ftags&post=13780"}],"curies":[{"name":"wp","href":"https:\/\/api.w.org\/{rel}","templated":true}]}}