{"id":13776,"date":"2024-02-29T10:31:18","date_gmt":"2024-02-29T13:31:18","guid":{"rendered":"https:\/\/www.visionweb.com.ar\/?p=13776"},"modified":"2024-02-29T10:31:18","modified_gmt":"2024-02-29T13:31:18","slug":"kicillof-milei-destruyo-la-temporada-de-verano","status":"publish","type":"post","link":"https:\/\/www.visionweb.com.ar\/?p=13776","title":{"rendered":"Kicillof: \u201cMilei destruy\u00f3 la temporada de verano\u201d"},"content":{"rendered":"<p><em><strong>Se reuni\u00f3 con intendentes y sectores productivos de Necochea, acus\u00f3 al Gobierno nacional de \u201causencia y abandono\u201d. \u201cComo dir\u00eda un cantante, \u2018no culpes a la lluvia, no culpes a la playa\u2019, fue Milei el que destruy\u00f3 la temporada\u201d, dijo.<\/strong><\/em><!--more--><\/p>\n<p><img loading=\"lazy\" decoding=\"async\" class=\"size-medium wp-image-13777 alignright\" src=\"https:\/\/www.visionweb.com.ar\/wp-content\/uploads\/2024\/02\/kicillof-en-necochea-300x194.png\" alt=\"\" width=\"300\" height=\"194\" srcset=\"https:\/\/www.visionweb.com.ar\/wp-content\/uploads\/2024\/02\/kicillof-en-necochea-300x194.png 300w, https:\/\/www.visionweb.com.ar\/wp-content\/uploads\/2024\/02\/kicillof-en-necochea.png 512w\" sizes=\"auto, (max-width: 300px) 100vw, 300px\" \/>\u00a0\u00a0 <strong>E<\/strong>l gobernador bonaerense\u00a0<strong>Axel Kicillof<\/strong>\u00a0encabez\u00f3 ayer el \u00faltimo acto de las Conferencias de Verano en\u00a0<strong>Necochea<\/strong>\u00a0donde cuestion\u00f3 al\u00a0<strong>presidente de la Naci\u00f3n<\/strong>,\u00a0<strong>Javier Milei<\/strong>, por los <strong>n\u00fameros negativos<\/strong> de la\u00a0<strong>temporada 2024<\/strong>\u00a0en los destinos de la Provincia, al tiempo que enfatiz\u00f3 los reclamos por los fondos nacionales.<\/p>\n<p>A trav\u00e9s de un breve discurso,\u00a0<strong>Kicillof<\/strong>\u00a0enfatiz\u00f3 que \u201c<strong>Milei y sus pol\u00edticas econ\u00f3micas destruyeron la temporada de verano<\/strong>\u201d, al indicar que <strong>la \u00faltima semana de febrero reflej\u00f3 una ca\u00edda del 18% en la afluencia tur\u00edstica <\/strong>con una merma marcada en los n\u00fameros de \u201cestad\u00eda y consumo\u201d.<\/p>\n<p>En ese sentido, el\u00a0<strong>Gobernador bonaerense<\/strong>\u00a0se\u00f1al\u00f3 este mi\u00e9rcoles que la administraci\u00f3n nacional lleva adelante un <strong>plan \u201cde abandono\u201d de la sociedad<\/strong> y se\u00f1al\u00f3 que el Estado nacional \u201cse borra\u201d de sus responsabilidades. \u201cNo se trata de ir dando lecciones de doctrinas econ\u00f3micas, sino de ayudar\u201d, cuestion\u00f3.<\/p>\n<p>El gobernador acus\u00f3 al Gobierno nacional de \u201causencia y abandono\u201d, al tiempo que parafrase\u00f3 a Luis Miguel: <strong>\u201cComo dir\u00eda un cantante, \u2018no culpes a la lluvia, no culpes a la playa\u2019<\/strong>, fue Milei el que destruy\u00f3 la temporada,\u00a0fue Milei y sus pol\u00edticas y<strong> terminamos con 18% de ca\u00edda en la afluencia tur\u00edstica\u201c<\/strong>, destac\u00f3.<\/p>\n<p><strong>La segunda quincena de febrero fue el periodo de menor actividad tur\u00edstica de la temporada, con un 17,6% menos de visitantes respecto del a\u00f1o pasado. <\/strong>En cuanto a la ocupaci\u00f3n hotelera, el fin de semana pasado se registraron ca\u00eddas en casi todos los destinos, llegando en algunos casos a<strong> dar cuenta de un 50% menos en comparaci\u00f3n la temporada anterior.<\/strong><\/p>\n<p>\u201cEn las reuniones que mantuvimos hoy con los representantes de <strong>distintos sectores productivos describieron una realidad desoladora<\/strong>\u201d, se\u00f1al\u00f3 el mandatario\u00a0al hablar en la ciudad bonaerense de Necochea frente a funcionarios bonaerenses, representantes locales, vecinos y turistas.<\/p>\n<p>En esa l\u00ednea, indic\u00f3 que\u00a0<strong>hab\u00edan pasado \u201ctemporadas r\u00e9cord en estad\u00eda, venta, ocupaci\u00f3n, afluencia tur\u00edstica y lo \u00fanico que cambi\u00f3 de la temporada pasada a esta es la pol\u00edtica econ\u00f3mica del Gobierno nacional\u201d.<\/strong><\/p>\n<p>Adem\u00e1s detall\u00f3, que si bien la cantidad de visitantes se mantuvo estable, el resto de los indicadores se redujo, y destac\u00f3 que<strong>\u00a0\u201cel consumo cay\u00f3 el 40%\u201d.<\/strong><\/p>\n<p>El gobernador indic\u00f3 que la actual \u201cfue una temporada fragmentada porque el resultado negativo no fue igual para todos\u201d.<\/p>\n<p>\u201cEn <strong>los destinos para turistas con mayor poder adquisitivo no se not\u00f3 la ca\u00edda, el desastre fue para los sectores populares<\/strong>\u201d, alert\u00f3 y agreg\u00f3: \u201c<strong>Lo que hacen estas pol\u00edticas de abandono<\/strong>, que algunos insisten en llamar libertad, tienen como resultado que<strong> a algunos le van muy bien y otros quedan en el camino\u201d.<\/strong><\/p>\n<p>\u201cEl Gobierno de la provincia de Buenos Aires siempre est\u00e1 comprometido. Eso es gobernar; si hay quien necesita una mano, tiene dificultades, hay que ayudar, hay que recorrer, sentir, trabajar\u201d, indic\u00f3 Kicillof.<\/p>\n<p>A\u00f1adi\u00f3 que si tiene que pedir algo al Gobierno nacional es que \u201ctrabajen por los bonaerenses, no se trata de dar lecciones de doctrinas econ\u00f3micas, sino de ayudar al que lo necesita de todas las maneras posibles\u201d.<\/p>\n<p>Y <strong>reclam\u00f3 a las autoridades nacionales que \u201cparen de mentir, de versear\u201d<\/strong> y les plante\u00f3 que se \u201cdieran cuenta de que est\u00e1n haciendo mucho da\u00f1o con estas pol\u00edticas\u201d.<\/p>\n<p>\u201cCon todos los que nos reunimos llegamos a un acuerdo de que los problemas no se solucionan sin Estado, sino con un Estado presente que acompa\u00f1e, que ayude, que cree trabajo, que genere mayor justicia social\u201d, complet\u00f3.<\/p>\n<p><img loading=\"lazy\" decoding=\"async\" class=\"size-medium wp-image-13778 alignleft\" src=\"https:\/\/www.visionweb.com.ar\/wp-content\/uploads\/2024\/02\/kicillof-en-quequen-300x202.png\" alt=\"\" width=\"300\" height=\"202\" srcset=\"https:\/\/www.visionweb.com.ar\/wp-content\/uploads\/2024\/02\/kicillof-en-quequen-300x202.png 300w, https:\/\/www.visionweb.com.ar\/wp-content\/uploads\/2024\/02\/kicillof-en-quequen.png 528w\" sizes=\"auto, (max-width: 300px) 100vw, 300px\" \/>Durante su visita a Necochea, acompa\u00f1ado por los ministros de Producci\u00f3n, Augusto Costa, de Salud, Nicol\u00e1s Kreplak, y el intendente Arturo Rojas, el gobernador inaugur\u00f3 las unidades residenciales asistidas que pertenecen al Hospital Subzonal especializado Neuropsiquiatrico Domingo Taraborelli.<\/p>\n<p>Adem\u00e1s puso en funciones a <strong>Jimena L\u00f3pez en la presidencia del Consorcio de Gesti\u00f3n de Puerto Quequ\u00e9n<\/strong>.<\/p>\n<p>Tambi\u00e9n se reuni\u00f3 con intendentes de la regi\u00f3n costera, con representantes de sectores productivos tur\u00edsticos y entreg\u00f3 una ambulancia de alta complejidad para el municipio de Balcarce. <strong>(VW)<\/strong><\/p>\n<p>&nbsp;<\/p>\n","protected":false},"excerpt":{"rendered":"<p>Se reuni\u00f3 con intendentes y sectores productivos de Necochea, acus\u00f3 al Gobierno nacional de \u201causencia y abandono\u201d. \u201cComo dir\u00eda un cantante, \u2018no culpes a la lluvia, no culpes a la playa\u2019, fue Milei el&#46;&#46;&#46;<\/p>\n","protected":false},"author":4,"featured_media":13778,"comment_status":"closed","ping_status":"closed","sticky":false,"template":"","format":"standard","meta":{"_monsterinsights_skip_tracking":false,"_monsterinsights_sitenote_active":false,"_monsterinsights_sitenote_note":"","_monsterinsights_sitenote_category":0,"footnotes":""},"categories":[4,700],"tags":[167,948,5761,5760],"class_list":["post-13776","post","type-post","status-publish","format-standard","has-post-thumbnail","hentry","category-politica","category-turismo","tag-kicillof","tag-necochea","tag-quequen","tag-temporada-de-verano-2024"],"_links":{"self":[{"href":"https:\/\/www.visionweb.com.ar\/index.php?rest_route=\/wp\/v2\/posts\/13776","targetHints":{"allow":["GET"]}}],"collection":[{"href":"https:\/\/www.visionweb.com.ar\/index.php?rest_route=\/wp\/v2\/posts"}],"about":[{"href":"https:\/\/www.visionweb.com.ar\/index.php?rest_route=\/wp\/v2\/types\/post"}],"author":[{"embeddable":true,"href":"https:\/\/www.visionweb.com.ar\/index.php?rest_route=\/wp\/v2\/users\/4"}],"replies":[{"embeddable":true,"href":"https:\/\/www.visionweb.com.ar\/index.php?rest_route=%2Fwp%2Fv2%2Fcomments&post=13776"}],"version-history":[{"count":1,"href":"https:\/\/www.visionweb.com.ar\/index.php?rest_route=\/wp\/v2\/posts\/13776\/revisions"}],"predecessor-version":[{"id":13779,"href":"https:\/\/www.visionweb.com.ar\/index.php?rest_route=\/wp\/v2\/posts\/13776\/revisions\/13779"}],"wp:featuredmedia":[{"embeddable":true,"href":"https:\/\/www.visionweb.com.ar\/index.php?rest_route=\/wp\/v2\/media\/13778"}],"wp:attachment":[{"href":"https:\/\/www.visionweb.com.ar\/index.php?rest_route=%2Fwp%2Fv2%2Fmedia&parent=13776"}],"wp:term":[{"taxonomy":"category","embeddable":true,"href":"https:\/\/www.visionweb.com.ar\/index.php?rest_route=%2Fwp%2Fv2%2Fcategories&post=13776"},{"taxonomy":"post_tag","embeddable":true,"href":"https:\/\/www.visionweb.com.ar\/index.php?rest_route=%2Fwp%2Fv2%2Ftags&post=13776"}],"curies":[{"name":"wp","href":"https:\/\/api.w.org\/{rel}","templated":true}]}}