{"id":13769,"date":"2024-02-29T08:17:23","date_gmt":"2024-02-29T11:17:23","guid":{"rendered":"https:\/\/www.visionweb.com.ar\/?p=13769"},"modified":"2024-02-29T08:17:23","modified_gmt":"2024-02-29T11:17:23","slug":"el-lunes-nuevo-paro-docente","status":"publish","type":"post","link":"https:\/\/www.visionweb.com.ar\/?p=13769","title":{"rendered":"El lunes nuevo paro docente"},"content":{"rendered":"<p><strong><em>La medida se anunci\u00f3 en la CGT, el mi\u00e9rcoles, luego de las frustradas negociaciones con el Gobierno. El lanzamiento de la huelga se hizo tras la protesta que realiz\u00f3 la CTERA.\u00a0<\/em><\/strong><!--more--><\/p>\n<p><img loading=\"lazy\" decoding=\"async\" class=\"size-medium wp-image-11702 alignright\" src=\"https:\/\/www.visionweb.com.ar\/wp-content\/uploads\/2023\/09\/a-escuelas-300x145.png\" alt=\"\" width=\"300\" height=\"145\" srcset=\"https:\/\/www.visionweb.com.ar\/wp-content\/uploads\/2023\/09\/a-escuelas-300x145.png 300w, https:\/\/www.visionweb.com.ar\/wp-content\/uploads\/2023\/09\/a-escuelas.png 462w\" sizes=\"auto, (max-width: 300px) 100vw, 300px\" \/>Los gremios docentes agrupados en la Confederaci\u00f3n General de los Trabajadores (CGT) anunciaron el mi\u00e9rcoles un paro nacional con cese \u201ctotal de actividades en todo el pa\u00eds\u201d, luego de que fracas\u00f3 la reuni\u00f3n con el Gobierno por el conflicto salarial.<\/p>\n<p>\u201cVamos a hacer un paro nacional el pr\u00f3ximo lunes 4. Un paro total de actividades en todo el pa\u00eds. Ah\u00ed estamos iniciando un plan de lucha que, de no reflexionar el Gobierno nacional, se va a extender con distintas medidas a lo largo y a lo ancho del pa\u00eds\u201d, asegur\u00f3 el secretario general de la Uni\u00f3n Docentes Argentinos (UDA), Sergio Romero, durante una conferencia de prensa en la sede de la calle Azopardo.<\/p>\n<p>En esa l\u00ednea, el dirigente sindical expres\u00f3: \u201cEl Gobierno nacional se neg\u00f3 a responsabilizarse dentro del marco de la ley del financiamiento del sistema educativo argentino. Tuvimos una reuni\u00f3n sin ninguna respuesta\u201d.<\/p>\n<p>El lanzamiento de la medida de fuerza por parte de los gremios docentes agrupados en la CGT se dio luego de la huelga que llev\u00f3 a cabo la Confederaci\u00f3n de Trabajadores de la Educaci\u00f3n (CTERA) este lunes, en el inicio del ciclo lectivo en algunas provincias.<\/p>\n<p>En tanto, dirigentes de los cinco sindicatos docentes nacionales se hab\u00edan reunido ayer con autoridades del Gobierno para discutir el ingreso m\u00ednimo del sector, pero no llegaron a un acuerdo.<\/p>\n<p>\u201cNo ofrecieron nada. Fue un di\u00e1logo de sordos. Hasta en un momento determinado quisieron negar el \u00e1mbito paritario\u201c, hab\u00eda asegurado Romero, luego del c\u00f3nclave en declaraciones a la prensa.<\/p>\n<p>Por su lado, luego del encuentro con los gremios docentes, desde el Gobierno confirmaron \u201cla continuidad del Fondo Compensador y el fin del Fondo Nacional de Incentivo Docente, donde se buscar\u00e1 reorientar los fondos a pol\u00edticas vinculadas con aprendizajes efectivos (como el Plan Nacional de Alfabetizaci\u00f3n) y al sistema de informaci\u00f3n escolar\u201d.<\/p>\n<p>A su vez, aseguraron que para \u201cestablecer el piso salarial, se pidi\u00f3 que las provincias hagan llegar su oferta para discutirla en la mesa\u201d.<\/p>\n<p>Durante el encuentro, los gremios docentes reclamaron la recomposici\u00f3n salarial, el pago de la deuda con respecto FONID, partida que el Gobierno confirm\u00f3 que busca eliminar, y la continuidad del fondo compensador.<\/p>\n<p>La reuni\u00f3n que mantuvieron ayer los representantes del Ejecutivo con los sindicatos docentes pas\u00f3 a un cuarto intermedio hasta el martes pr\u00f3ximo, cuando existir\u00e1 una nueva convocatoria para destrabar el conflicto<strong>(VW)<\/strong>.<\/p>\n","protected":false},"excerpt":{"rendered":"<p>La medida se anunci\u00f3 en la CGT, el mi\u00e9rcoles, luego de las frustradas negociaciones con el Gobierno. El lanzamiento de la huelga se hizo tras la protesta que realiz\u00f3 la CTERA.\u00a0<\/p>\n","protected":false},"author":3,"featured_media":11702,"comment_status":"closed","ping_status":"closed","sticky":false,"template":"","format":"standard","meta":{"_monsterinsights_skip_tracking":false,"_monsterinsights_sitenote_active":false,"_monsterinsights_sitenote_note":"","_monsterinsights_sitenote_category":0,"footnotes":""},"categories":[8],"tags":[2032,410,324,252],"class_list":["post-13769","post","type-post","status-publish","format-standard","has-post-thumbnail","hentry","category-interes-general","tag-cgt","tag-docentes","tag-nacional","tag-paro"],"_links":{"self":[{"href":"https:\/\/www.visionweb.com.ar\/index.php?rest_route=\/wp\/v2\/posts\/13769","targetHints":{"allow":["GET"]}}],"collection":[{"href":"https:\/\/www.visionweb.com.ar\/index.php?rest_route=\/wp\/v2\/posts"}],"about":[{"href":"https:\/\/www.visionweb.com.ar\/index.php?rest_route=\/wp\/v2\/types\/post"}],"author":[{"embeddable":true,"href":"https:\/\/www.visionweb.com.ar\/index.php?rest_route=\/wp\/v2\/users\/3"}],"replies":[{"embeddable":true,"href":"https:\/\/www.visionweb.com.ar\/index.php?rest_route=%2Fwp%2Fv2%2Fcomments&post=13769"}],"version-history":[{"count":1,"href":"https:\/\/www.visionweb.com.ar\/index.php?rest_route=\/wp\/v2\/posts\/13769\/revisions"}],"predecessor-version":[{"id":13770,"href":"https:\/\/www.visionweb.com.ar\/index.php?rest_route=\/wp\/v2\/posts\/13769\/revisions\/13770"}],"wp:featuredmedia":[{"embeddable":true,"href":"https:\/\/www.visionweb.com.ar\/index.php?rest_route=\/wp\/v2\/media\/11702"}],"wp:attachment":[{"href":"https:\/\/www.visionweb.com.ar\/index.php?rest_route=%2Fwp%2Fv2%2Fmedia&parent=13769"}],"wp:term":[{"taxonomy":"category","embeddable":true,"href":"https:\/\/www.visionweb.com.ar\/index.php?rest_route=%2Fwp%2Fv2%2Fcategories&post=13769"},{"taxonomy":"post_tag","embeddable":true,"href":"https:\/\/www.visionweb.com.ar\/index.php?rest_route=%2Fwp%2Fv2%2Ftags&post=13769"}],"curies":[{"name":"wp","href":"https:\/\/api.w.org\/{rel}","templated":true}]}}