{"id":13762,"date":"2024-02-28T10:19:46","date_gmt":"2024-02-28T13:19:46","guid":{"rendered":"https:\/\/www.visionweb.com.ar\/?p=13762"},"modified":"2024-02-28T10:19:46","modified_gmt":"2024-02-28T13:19:46","slug":"la-utep-realiza-hoy-un-ollazo-nacional-por-la-emergencia-alimentaria","status":"publish","type":"post","link":"https:\/\/www.visionweb.com.ar\/?p=13762","title":{"rendered":"La UTEP realiza hoy un \u00abOllazo Nacional por la Emergencia Alimentaria\u00bb"},"content":{"rendered":"<p><em><strong>La medida dispuesta por la UTEP es para denunciar \u00abel hambre de millones de familias que se quedaron con sus platos vac\u00edos\u00bb y \u00abel desabastecimiento de los comedores comunitarios y la falta de respuesta del Gobierno\u00bb.<\/strong><\/em><!--more--><\/p>\n<p><strong>\u00a0 <img loading=\"lazy\" decoding=\"async\" class=\"size-medium wp-image-13763 alignright\" src=\"https:\/\/www.visionweb.com.ar\/wp-content\/uploads\/2024\/02\/Utep-ollazo-popular-300x158.png\" alt=\"\" width=\"300\" height=\"158\" srcset=\"https:\/\/www.visionweb.com.ar\/wp-content\/uploads\/2024\/02\/Utep-ollazo-popular-300x158.png 300w, https:\/\/www.visionweb.com.ar\/wp-content\/uploads\/2024\/02\/Utep-ollazo-popular.png 545w\" sizes=\"auto, (max-width: 300px) 100vw, 300px\" \/>\u00a0\u00a0 L<\/strong>a <strong>Uni\u00f3n de Trabajadores y trabajadoras de la Econom\u00eda Popular (Utep) <\/strong>realizar\u00e1 este mi\u00e9rcoles una protesta denominada<strong> \u00abOllazo Nacional por la Emergencia Alimentaria\u00bb <\/strong>en la sede del Ministerio de Capital Humano, para denunciar \u00ab<strong>el hambre de millones de familias que se quedaron con sus platos vac\u00edos\u00bb<\/strong>, informaron los organizadores.<\/p>\n<p>\u00abVamos a hacer una jornada de &#8216;ollazos&#8217; para seguir insistiendo con el problema de la emergencia alimentaria,\u00a0<strong>la jornada ser\u00e1 en el Ministerio de Capital Humano y en todos los CDR (centros de referencia), que son las delegaciones territoriales del Ministerio\u00bb<\/strong>, afirm\u00f3 el secretario general de la UTEP, Alejandro &#8216;Peluca&#8217; Gramajo, en declaraciones a T\u00e9lam.<\/p>\n<p>La protesta se desarrollar\u00e1 a partir de las 10.30 frente al ministerio que encabeza Sandra Pettovello, ubicado en la calle Carlos Pellegrini 1285, en el centro porte\u00f1o.<\/p>\n<p>\u00abSi a ellos no les importa el hambre de millones de familias que se quedaron con sus platos vac\u00edos, a nosotros y nosotros s\u00ed.\u00a0<strong>No vamos a bajar los brazos hasta que se vuelvan a llenar las ollas\u00bb, expres\u00f3 luego la UTEP en un comunicado<\/strong>.<\/p>\n<p>Adem\u00e1s, como parte del plan de lucha que inici\u00f3 esa organizaci\u00f3n la semana pasada a modo de protesta por\u00a0<strong>\u00abel desabastecimiento de los comedores comunitarios y la falta de respuesta del Gobierno\u00bb<\/strong>, Gramajo anticip\u00f3 que el jueves o el viernes tambi\u00e9n har\u00e1n una <strong>movilizaci\u00f3n al Ministerio de Econom\u00eda<\/strong>.<\/p>\n<p>All\u00ed, le exigir\u00e1n \u00abal Gobierno nacional <strong>que no desfinancien las obras de los barrios populares<\/strong>\u00bb por la reducci\u00f3n presupuestaria en el Fondo para la Integraci\u00f3n Socio Urbana (FISU).<\/p>\n<p>\u00abVamos a movilizar con todos los trabajadores de las cooperativas de la econom\u00eda popular que ven\u00edan desarrollando obras en los barrios populares\u00bb, asegur\u00f3.<\/p>\n<p>El eje central de la movilizaci\u00f3n de la\u00a0UTEP\u00a0hacia la cartera dirigida por\u00a0Luis Caputo\u00a0ser\u00e1 reclamar por el empobrecimiento del pueblo a partir de las<strong> pol\u00edticas de shock y devaluaci\u00f3n aplicadas por el\u00a0Gobierno\u00a0de\u00a0La Libertad Avanza<\/strong>, los manifestantes tambi\u00e9n se ven interpelados por la<strong> finalizaci\u00f3n del programa\u00a0Potenciar Trabajo.\u00a0(VW)<\/strong><\/p>\n","protected":false},"excerpt":{"rendered":"<p>La medida dispuesta por la UTEP es para denunciar \u00abel hambre de millones de familias que se quedaron con sus platos vac\u00edos\u00bb y \u00abel desabastecimiento de los comedores comunitarios y la falta de respuesta&#46;&#46;&#46;<\/p>\n","protected":false},"author":4,"featured_media":13763,"comment_status":"closed","ping_status":"closed","sticky":false,"template":"","format":"standard","meta":{"_monsterinsights_skip_tracking":false,"_monsterinsights_sitenote_active":false,"_monsterinsights_sitenote_note":"","_monsterinsights_sitenote_category":0,"footnotes":""},"categories":[6,4,5],"tags":[5754,5753,5752,5755,5751,5750],"class_list":["post-13762","post","type-post","status-publish","format-standard","has-post-thumbnail","hentry","category-economia","category-politica","category-sociedad","tag-alejandro-gramajo","tag-emergencia-alimentaria","tag-ollazo","tag-pettovello","tag-trabajadores-de-la-economia-popular","tag-utep"],"_links":{"self":[{"href":"https:\/\/www.visionweb.com.ar\/index.php?rest_route=\/wp\/v2\/posts\/13762","targetHints":{"allow":["GET"]}}],"collection":[{"href":"https:\/\/www.visionweb.com.ar\/index.php?rest_route=\/wp\/v2\/posts"}],"about":[{"href":"https:\/\/www.visionweb.com.ar\/index.php?rest_route=\/wp\/v2\/types\/post"}],"author":[{"embeddable":true,"href":"https:\/\/www.visionweb.com.ar\/index.php?rest_route=\/wp\/v2\/users\/4"}],"replies":[{"embeddable":true,"href":"https:\/\/www.visionweb.com.ar\/index.php?rest_route=%2Fwp%2Fv2%2Fcomments&post=13762"}],"version-history":[{"count":1,"href":"https:\/\/www.visionweb.com.ar\/index.php?rest_route=\/wp\/v2\/posts\/13762\/revisions"}],"predecessor-version":[{"id":13764,"href":"https:\/\/www.visionweb.com.ar\/index.php?rest_route=\/wp\/v2\/posts\/13762\/revisions\/13764"}],"wp:featuredmedia":[{"embeddable":true,"href":"https:\/\/www.visionweb.com.ar\/index.php?rest_route=\/wp\/v2\/media\/13763"}],"wp:attachment":[{"href":"https:\/\/www.visionweb.com.ar\/index.php?rest_route=%2Fwp%2Fv2%2Fmedia&parent=13762"}],"wp:term":[{"taxonomy":"category","embeddable":true,"href":"https:\/\/www.visionweb.com.ar\/index.php?rest_route=%2Fwp%2Fv2%2Fcategories&post=13762"},{"taxonomy":"post_tag","embeddable":true,"href":"https:\/\/www.visionweb.com.ar\/index.php?rest_route=%2Fwp%2Fv2%2Ftags&post=13762"}],"curies":[{"name":"wp","href":"https:\/\/api.w.org\/{rel}","templated":true}]}}