{"id":13759,"date":"2024-02-28T09:28:45","date_gmt":"2024-02-28T12:28:45","guid":{"rendered":"https:\/\/www.visionweb.com.ar\/?p=13759"},"modified":"2024-02-28T09:28:45","modified_gmt":"2024-02-28T12:28:45","slug":"el-gobierno-anuncio-que-prohibira-el-lenguaje-inclusivo-y-la-perspectiva-de-genero-en-la-administracion-publica","status":"publish","type":"post","link":"https:\/\/www.visionweb.com.ar\/?p=13759","title":{"rendered":"El Gobierno anunci\u00f3 que prohibir\u00e1 el lenguaje inclusivo y la perspectiva de g\u00e9nero en la administraci\u00f3n p\u00fablica"},"content":{"rendered":"<p><em>E<strong>l vocero presidencial dijo que lo utilizaron como \u201cun negocio de la pol\u00edtica\u201d.<\/strong><\/em><strong> Desde <em>el Ministerio de Defensa<\/em> <em>advirtieron<\/em> <em>que\u00a0el incumplimiento provocar\u00e1 sanciones. Desacuerdo del Ministerio de Mujeres, Pol\u00edticas de G\u00e9nero y Diversidad Sexual de la provincia de Buenos Aires.<\/em><\/strong><!--more--><\/p>\n<p><strong> <img loading=\"lazy\" decoding=\"async\" class=\"size-medium wp-image-13760 alignright\" src=\"https:\/\/www.visionweb.com.ar\/wp-content\/uploads\/2024\/02\/lenguaje-inclusivo-300x136.png\" alt=\"\" width=\"300\" height=\"136\" srcset=\"https:\/\/www.visionweb.com.ar\/wp-content\/uploads\/2024\/02\/lenguaje-inclusivo-300x136.png 300w, https:\/\/www.visionweb.com.ar\/wp-content\/uploads\/2024\/02\/lenguaje-inclusivo.png 507w\" sizes=\"auto, (max-width: 300px) 100vw, 300px\" \/>\u00a0\u00a0 E<\/strong>l gobierno de Javier Milei anunci\u00f3 que\u00a0<strong>prohibir\u00e1 el uso del lenguaje inclusivo y la perspectiva de g\u00e9nero<\/strong>\u00a0en toda la administraci\u00f3n p\u00fablica nacional.<\/p>\n<p>\u201cSe va a proceder a iniciar las actuaciones para prohibir el lenguaje inclusivo y todo lo referente a la perspectiva de g\u00e9nero\u201d. <strong>\u201cNo se va a poder utilizar la letra e, el @, la x y evitar la innecesaria inclusi\u00f3n del femenino en todos los documentos\u201d,<\/strong>\u00a0explic\u00f3 ayer el vocero Manuel Adorni.<\/p>\n<p>Adem\u00e1s, adelant\u00f3 que el Gobierno no est\u00e1 dispuesto a ingresar a un debate sobre el lenguaje: <strong>\u201cEl lenguaje que contempla todos los sectores es la lengua castellana, <\/strong>no veo porqu\u00e9 tener estructuras.<strong> Es un debate en el cual no vamos a participar porque consideramos que las perspectivas de g\u00e9nero se han utilizado tambi\u00e9n como negocio de la pol\u00edtica<\/strong>, eso no tiene discusi\u00f3n\u201d, justific\u00f3 Adorni.<\/p>\n<p>Cabe se\u00f1alar que\u00a0<strong>el Ministerio de Defensa a cargo de Luis Petri ya hab\u00eda comunicado una en esa sinton\u00eda que obliga a cada \u00e1rea de su cartera a emplear el idioma castellano<\/strong>, \u201cconforme a la normativa y reglamentaci\u00f3n que ruge cada \u00e1rea respectiva, bajo los t\u00e9rminos y reglas fijados por la Real Academia Espa\u00f1ola\u201d. Mientras que\u00a0<strong>el incumplimiento de esta iniciativa provocar\u00e1 sanciones, seg\u00fan advirtieron. <\/strong><\/p>\n<p><strong>Repercusiones con desacuerdo en la Provincia: <\/strong><\/p>\n<p>El\u00a0<strong>Ministerio de Mujeres, Pol\u00edticas de G\u00e9nero y Diversidad Sexual de la provincia de Buenos Aires ya se pronunci\u00f3 sobre la prohibici\u00f3n del uso del lenguaje inclusivo\u00a0<\/strong>y la perspectiva de g\u00e9nero en la administraci\u00f3n p\u00fablica, luego del anuncio del gobierno nacional.<\/p>\n<p>La cartera bonaerense que dirige Estela D\u00edaz expres\u00f3 su desacuerdo con la medida y dio sus argumentos a trav\u00e9s de la red social X. \u201cEl lenguaje inclusivo\u00a0<strong>es un modo de pensar y comunicar con perspectiva de g\u00e9nero, reconociendo las desigualdades estructurales que afectan a las mujeres y diversidades.\u00a0<\/strong>No propone imponer modalidades de comunicaci\u00f3n, sino habilitar nuevas formas que no reproduzcan estereotipos de g\u00e9nero\u201d, indic\u00f3.<\/p>\n<p><strong>\u201cReducir la perspectiva de g\u00e9nero al uso de la \u2018e\u2019 o la \u2018x\u2019 es una mirada simplista y sesgada que desconoce la historia<\/strong>, el marco legislativo y las pol\u00edticas p\u00fablicas construidas a partir de las luchas de las mujeres y diversidades\u201d, a\u00f1adi\u00f3.<\/p>\n<p>A la vez, apunt\u00f3: \u201cEn un contexto de serias dificultades y en el que, a nivel nacional, se han desjerarquizado las pol\u00edticas de g\u00e9nero, defendemos el rol del Estado como garante de derechos.\u00a0<strong>M\u00e1s palabras, m\u00e1s inclusi\u00f3n y m\u00e1s democracia para todas, todos y todes<\/strong>\u201d.\u00a0<strong>(VW)<\/strong><\/p>\n","protected":false},"excerpt":{"rendered":"<p>El vocero presidencial dijo que lo utilizaron como \u201cun negocio de la pol\u00edtica\u201d. Desde el Ministerio de Defensa advirtieron que\u00a0el incumplimiento provocar\u00e1 sanciones. Desacuerdo del Ministerio de Mujeres, Pol\u00edticas de G\u00e9nero y Diversidad Sexual&#46;&#46;&#46;<\/p>\n","protected":false},"author":4,"featured_media":13760,"comment_status":"closed","ping_status":"closed","sticky":false,"template":"","format":"standard","meta":{"_monsterinsights_skip_tracking":false,"_monsterinsights_sitenote_active":false,"_monsterinsights_sitenote_note":"","_monsterinsights_sitenote_category":0,"footnotes":""},"categories":[4,5],"tags":[5748,4530,5749,5747],"class_list":["post-13759","post","type-post","status-publish","format-standard","has-post-thumbnail","hentry","category-politica","category-sociedad","tag-administracion-publica","tag-milei","tag-ministerio-de-mujeres-de-la-provincia","tag-prohibiran-el-lenguaje-inclusivo"],"_links":{"self":[{"href":"https:\/\/www.visionweb.com.ar\/index.php?rest_route=\/wp\/v2\/posts\/13759","targetHints":{"allow":["GET"]}}],"collection":[{"href":"https:\/\/www.visionweb.com.ar\/index.php?rest_route=\/wp\/v2\/posts"}],"about":[{"href":"https:\/\/www.visionweb.com.ar\/index.php?rest_route=\/wp\/v2\/types\/post"}],"author":[{"embeddable":true,"href":"https:\/\/www.visionweb.com.ar\/index.php?rest_route=\/wp\/v2\/users\/4"}],"replies":[{"embeddable":true,"href":"https:\/\/www.visionweb.com.ar\/index.php?rest_route=%2Fwp%2Fv2%2Fcomments&post=13759"}],"version-history":[{"count":1,"href":"https:\/\/www.visionweb.com.ar\/index.php?rest_route=\/wp\/v2\/posts\/13759\/revisions"}],"predecessor-version":[{"id":13761,"href":"https:\/\/www.visionweb.com.ar\/index.php?rest_route=\/wp\/v2\/posts\/13759\/revisions\/13761"}],"wp:featuredmedia":[{"embeddable":true,"href":"https:\/\/www.visionweb.com.ar\/index.php?rest_route=\/wp\/v2\/media\/13760"}],"wp:attachment":[{"href":"https:\/\/www.visionweb.com.ar\/index.php?rest_route=%2Fwp%2Fv2%2Fmedia&parent=13759"}],"wp:term":[{"taxonomy":"category","embeddable":true,"href":"https:\/\/www.visionweb.com.ar\/index.php?rest_route=%2Fwp%2Fv2%2Fcategories&post=13759"},{"taxonomy":"post_tag","embeddable":true,"href":"https:\/\/www.visionweb.com.ar\/index.php?rest_route=%2Fwp%2Fv2%2Ftags&post=13759"}],"curies":[{"name":"wp","href":"https:\/\/api.w.org\/{rel}","templated":true}]}}