{"id":13756,"date":"2024-02-28T11:00:36","date_gmt":"2024-02-28T14:00:36","guid":{"rendered":"https:\/\/www.visionweb.com.ar\/?p=13756"},"modified":"2024-02-28T08:55:15","modified_gmt":"2024-02-28T11:55:15","slug":"nueva-edicion-de-lanus-tu-gobierno","status":"publish","type":"post","link":"https:\/\/www.visionweb.com.ar\/?p=13756","title":{"rendered":"Nueva edici\u00f3n de \u00abLan\u00fas tu Gobierno\u00bb"},"content":{"rendered":"<p><em><strong>De esta manera, el p\u00fablico pudo comprar una diversidad de carnes, verduras, frutas, l\u00e1cteos, pastas y panificados.\u00a0<\/strong><\/em><!--more--><\/p>\n<p dir=\"ltr\" data-andiallelmwithtext=\"15\"><img loading=\"lazy\" decoding=\"async\" class=\"size-medium wp-image-13757 alignright\" src=\"https:\/\/www.visionweb.com.ar\/wp-content\/uploads\/2024\/02\/PLAZA-MORENO-300x200.png\" alt=\"\" width=\"300\" height=\"200\" srcset=\"https:\/\/www.visionweb.com.ar\/wp-content\/uploads\/2024\/02\/PLAZA-MORENO-300x200.png 300w, https:\/\/www.visionweb.com.ar\/wp-content\/uploads\/2024\/02\/PLAZA-MORENO.png 640w\" sizes=\"auto, (max-width: 300px) 100vw, 300px\" \/>Este martes se realiz\u00f3, entre las 10 a 14 horas el Operativo Territorial \u00abLan\u00fas tu Gobierno\u00bb, en la Plaza Mariano Moreno, situada en Av. Hip\u00f3lito Yrigoyen y L. Caputo, Lan\u00fas Oeste.<\/p>\n<p data-andiallelmwithtext=\"15\">Del encuentro participaron representantes de distintas \u00e1reas de gobierno, como la Subsecretar\u00eda de Cultura, Subsecretar\u00eda de Deportes, Subsecretar\u00eda de Gesti\u00f3n Ciudadana, Asesoramiento Jur\u00eddico, Secretar\u00eda de Salud, Secretar\u00eda de Educaci\u00f3n, Subsecretar\u00eda de Ambiente y Secretar\u00eda de Desarrollo Social.<\/p>\n<p data-andiallelmwithtext=\"15\">En el operativo, las y los vecinos de Lan\u00fas pudieron acceder a asesor\u00edas, obtener informaci\u00f3n sobre pol\u00edticas p\u00fablicas y realizar tr\u00e1mites municipales, entre otras cuestiones.<\/p>\n<p data-andiallelmwithtext=\"15\">Adem\u00e1s se realizar\u00e1 el programa \u00abMercado de Productores Familiares,\u00bb un espacio ideal para familias emprendedoras que buscan vender sus productos a precios populares.<\/p>\n<p data-andiallelmwithtext=\"15\">De esta manera, el p\u00fablico pudo comprar una diversidad de carnes, verduras, frutas, l\u00e1cteos, pastas y panificados.<\/p>\n","protected":false},"excerpt":{"rendered":"<p>De esta manera, el p\u00fablico pudo comprar una diversidad de carnes, verduras, frutas, l\u00e1cteos, pastas y panificados.\u00a0<\/p>\n","protected":false},"author":3,"featured_media":13757,"comment_status":"closed","ping_status":"closed","sticky":false,"template":"","format":"standard","meta":{"_monsterinsights_skip_tracking":false,"_monsterinsights_sitenote_active":false,"_monsterinsights_sitenote_note":"","_monsterinsights_sitenote_category":0,"footnotes":""},"categories":[8],"tags":[5745,4399,5746,269],"class_list":["post-13756","post","type-post","status-publish","format-standard","has-post-thumbnail","hentry","category-interes-general","tag-asesoramientos","tag-consultas","tag-plaza-moreno","tag-tramites"],"_links":{"self":[{"href":"https:\/\/www.visionweb.com.ar\/index.php?rest_route=\/wp\/v2\/posts\/13756","targetHints":{"allow":["GET"]}}],"collection":[{"href":"https:\/\/www.visionweb.com.ar\/index.php?rest_route=\/wp\/v2\/posts"}],"about":[{"href":"https:\/\/www.visionweb.com.ar\/index.php?rest_route=\/wp\/v2\/types\/post"}],"author":[{"embeddable":true,"href":"https:\/\/www.visionweb.com.ar\/index.php?rest_route=\/wp\/v2\/users\/3"}],"replies":[{"embeddable":true,"href":"https:\/\/www.visionweb.com.ar\/index.php?rest_route=%2Fwp%2Fv2%2Fcomments&post=13756"}],"version-history":[{"count":1,"href":"https:\/\/www.visionweb.com.ar\/index.php?rest_route=\/wp\/v2\/posts\/13756\/revisions"}],"predecessor-version":[{"id":13758,"href":"https:\/\/www.visionweb.com.ar\/index.php?rest_route=\/wp\/v2\/posts\/13756\/revisions\/13758"}],"wp:featuredmedia":[{"embeddable":true,"href":"https:\/\/www.visionweb.com.ar\/index.php?rest_route=\/wp\/v2\/media\/13757"}],"wp:attachment":[{"href":"https:\/\/www.visionweb.com.ar\/index.php?rest_route=%2Fwp%2Fv2%2Fmedia&parent=13756"}],"wp:term":[{"taxonomy":"category","embeddable":true,"href":"https:\/\/www.visionweb.com.ar\/index.php?rest_route=%2Fwp%2Fv2%2Fcategories&post=13756"},{"taxonomy":"post_tag","embeddable":true,"href":"https:\/\/www.visionweb.com.ar\/index.php?rest_route=%2Fwp%2Fv2%2Ftags&post=13756"}],"curies":[{"name":"wp","href":"https:\/\/api.w.org\/{rel}","templated":true}]}}