{"id":13754,"date":"2024-02-28T08:43:58","date_gmt":"2024-02-28T11:43:58","guid":{"rendered":"https:\/\/www.visionweb.com.ar\/?p=13754"},"modified":"2024-02-28T08:43:58","modified_gmt":"2024-02-28T11:43:58","slug":"kicillof-pospuso-la-apertura-de-la-asamblea-legislativa-para-el-lunes","status":"publish","type":"post","link":"https:\/\/www.visionweb.com.ar\/?p=13754","title":{"rendered":"Kicillof pospuso la apertura de la Asamblea Legislativa para el lunes"},"content":{"rendered":"<p><em><strong>El viernes se realizar\u00e1 una sesi\u00f3n preparatoria y se pedir\u00e1 un cuarto intermedio hasta el lunes. De este modo. Fuentes cercanas a Milei aseguraron que eleigi\u00f3 ese horario para diferenciarse de los presidentes anteriores.<\/strong><\/em><\/p>\n<p><!--more--><\/p>\n<p><img loading=\"lazy\" decoding=\"async\" class=\"size-medium wp-image-12288 alignright\" src=\"https:\/\/www.visionweb.com.ar\/wp-content\/uploads\/2023\/10\/legislatura-bonaerense-300x235.png\" alt=\"\" width=\"300\" height=\"235\" srcset=\"https:\/\/www.visionweb.com.ar\/wp-content\/uploads\/2023\/10\/legislatura-bonaerense-300x235.png 300w, https:\/\/www.visionweb.com.ar\/wp-content\/uploads\/2023\/10\/legislatura-bonaerense.png 543w\" sizes=\"auto, (max-width: 300px) 100vw, 300px\" \/>El gobernador bonaerense, Axel Kicillof pospuso para el lunes a las 16 la realizaci\u00f3n de la Asamblea Legislativa que da inicio al per\u00edodo de sesiones ordinarias de la Legislatura, que estaba prevista originalmente para el viernes a la misma hora.<\/p>\n<p>La decisi\u00f3n de Kicillof se conoce\u00a0<strong>luego de que el presidente Javier Milei decidiera inaugurar las sesiones ordinarias en el Congreso, el viernes pero no a las 11 como es el horario tradicional, sino a las 21.<\/strong><\/p>\n<p>T\u00e9cnicamente, lo que va a hacerse en la Legislatura es\u00a0<strong>abrir la sesi\u00f3n preparatoria el viernes tal como estaba previsto y pedir un cuarto intermedio hasta el lunes,<\/strong> informaron fuentes parlamentarias del oficialismo.<\/p>\n<p>Las asambleas legislativas son ocasiones de discursos importantes de presidentes y tambi\u00e9n de gobernadores. En esta ocasi\u00f3n se da\u00a0<strong>en medio de un fuert\u00edsimo enfrentamiento\u00a0<\/strong>entre Milei y Kicillof por los fondos para la provincia, \u00faltimo cap\u00edtulo de una guerra que arranc\u00f3 en diciembre.<\/p>\n<p>Todo se desat\u00f3 cuando Milei, sin aviso previo,\u00a0<strong>elimin\u00f3 el Fondo de Fortalecimiento Fiscal\u00a0<\/strong>de la provincia, lo que supone un recorte de $870.000 aproximadamente. Kicillof contest\u00f3 con u<strong>n planteo ante la Corte\u00a0<\/strong>que se efectivizar\u00e1 a m\u00e1s tardar ma\u00f1ana a la ma\u00f1ana.<\/p>\n<p>En ese marco,<strong>\u00a0la decisi\u00f3n de Kicillof le permitir\u00e1 hablar despu\u00e9s del presidente de la Naci\u00f3n<\/strong>. En LLA, por su parte, dijeron que Milei decidi\u00f3 dar el discurso de noche como una estrategia de diferenciaci\u00f3n respecto de los presidentes anteriores, a los que identifica como \u201ccasta\u201d.<\/p>\n<p>El Presidente viene de dar un discurso fuera de la Congreso durante su asunci\u00f3n del mando, y hay expectativa respecto de los t\u00e9rminos en los que hablar\u00e1 a los<strong>\u00a0legisladores, a los que insult\u00f3 varias veces<\/strong> por no haber aprobado el proyecto de Ley Bases<strong>(VW)<\/strong><\/p>\n","protected":false},"excerpt":{"rendered":"<p>El viernes se realizar\u00e1 una sesi\u00f3n preparatoria y se pedir\u00e1 un cuarto intermedio hasta el lunes. De este modo. Fuentes cercanas a Milei aseguraron que eleigi\u00f3 ese horario para diferenciarse de los presidentes anteriores.<\/p>\n","protected":false},"author":3,"featured_media":12288,"comment_status":"closed","ping_status":"closed","sticky":false,"template":"","format":"standard","meta":{"_monsterinsights_skip_tracking":false,"_monsterinsights_sitenote_active":false,"_monsterinsights_sitenote_note":"","_monsterinsights_sitenote_category":0,"footnotes":""},"categories":[4],"tags":[],"class_list":["post-13754","post","type-post","status-publish","format-standard","has-post-thumbnail","hentry","category-politica"],"_links":{"self":[{"href":"https:\/\/www.visionweb.com.ar\/index.php?rest_route=\/wp\/v2\/posts\/13754","targetHints":{"allow":["GET"]}}],"collection":[{"href":"https:\/\/www.visionweb.com.ar\/index.php?rest_route=\/wp\/v2\/posts"}],"about":[{"href":"https:\/\/www.visionweb.com.ar\/index.php?rest_route=\/wp\/v2\/types\/post"}],"author":[{"embeddable":true,"href":"https:\/\/www.visionweb.com.ar\/index.php?rest_route=\/wp\/v2\/users\/3"}],"replies":[{"embeddable":true,"href":"https:\/\/www.visionweb.com.ar\/index.php?rest_route=%2Fwp%2Fv2%2Fcomments&post=13754"}],"version-history":[{"count":1,"href":"https:\/\/www.visionweb.com.ar\/index.php?rest_route=\/wp\/v2\/posts\/13754\/revisions"}],"predecessor-version":[{"id":13755,"href":"https:\/\/www.visionweb.com.ar\/index.php?rest_route=\/wp\/v2\/posts\/13754\/revisions\/13755"}],"wp:featuredmedia":[{"embeddable":true,"href":"https:\/\/www.visionweb.com.ar\/index.php?rest_route=\/wp\/v2\/media\/12288"}],"wp:attachment":[{"href":"https:\/\/www.visionweb.com.ar\/index.php?rest_route=%2Fwp%2Fv2%2Fmedia&parent=13754"}],"wp:term":[{"taxonomy":"category","embeddable":true,"href":"https:\/\/www.visionweb.com.ar\/index.php?rest_route=%2Fwp%2Fv2%2Fcategories&post=13754"},{"taxonomy":"post_tag","embeddable":true,"href":"https:\/\/www.visionweb.com.ar\/index.php?rest_route=%2Fwp%2Fv2%2Ftags&post=13754"}],"curies":[{"name":"wp","href":"https:\/\/api.w.org\/{rel}","templated":true}]}}