{"id":13752,"date":"2024-02-28T08:34:06","date_gmt":"2024-02-28T11:34:06","guid":{"rendered":"https:\/\/www.visionweb.com.ar\/?p=13752"},"modified":"2024-02-28T08:34:06","modified_gmt":"2024-02-28T11:34:06","slug":"el-gobierno-elimino-por-decreto-el-potenciar-trabajo","status":"publish","type":"post","link":"https:\/\/www.visionweb.com.ar\/?p=13752","title":{"rendered":"El gobierno elimin\u00f3 por decreto el \u00abPotenciar trabajo\u00bb"},"content":{"rendered":"<p><em><strong>Afirma que es para eliminar intermediarios, sobre todo de organizaciones sociales. Milei celebr\u00f3 que se termina con un \u00abcurro\u00bb. Los beneficiarios ser\u00e1n repartidos en dos nuevos programas.<\/strong><\/em><!--more--><\/p>\n<p><img loading=\"lazy\" decoding=\"async\" class=\"size-medium wp-image-9009 alignright\" src=\"https:\/\/www.visionweb.com.ar\/wp-content\/uploads\/2023\/01\/POTENCIAR-300x176.png\" alt=\"\" width=\"300\" height=\"176\" srcset=\"https:\/\/www.visionweb.com.ar\/wp-content\/uploads\/2023\/01\/POTENCIAR-300x176.png 300w, https:\/\/www.visionweb.com.ar\/wp-content\/uploads\/2023\/01\/POTENCIAR.png 640w\" sizes=\"auto, (max-width: 300px) 100vw, 300px\" \/>El gobierno dio de baja este martes el plan Potenciar Trabajo como tal y dividi\u00f3 a sus beneficiarios en dos grupos que recibir\u00e1n beneficios de acuerdo a su situaci\u00f3n de vulnerabilidad, al tiempo que disolvi\u00f3 las unidades de gesti\u00f3n que intermediaban en la entrega de la ayuda, con el declarado objetivo de correr de ese rol a las organizaciones sociales.<\/p>\n<p>\u201cSe termina el curro de los intermediarios\u201d, escribi\u00f3 en la red social X una cuenta ultra libertaria llamada \u201cAgarr\u00e1 la pala\u201d, y el mensaje fue compartido en se\u00f1al aprobatoria por el presidente Javier Milei, que como confirm\u00f3 el vocero Manuel Adorni, maneja en persona sus cuentas.<\/p>\n<p>De acuerdo a informaci\u00f3n confirmada a diarios nacionales por el Ejecutivo, los dos universos en los que se dividir\u00e1n los hasta ahora beneficiarios del Potenciar Trabajo son: \u201cVolver al Trabajo\u201d, en el que se agrupar\u00e1 alrededor de un mill\u00f3n de personas, y el \u201cPrograma de Acompa\u00f1amiento Social\u201d, con alrededor de 200.000 personas, seg\u00fan publico La Naci\u00f3n.<\/p>\n<p>El primero estar\u00e1 bajo la \u00f3rbita de la Secretar\u00eda de Trabajo, Empleo y Seguridad Social, a cargo de Omar Yas\u00edn, y el segundo en Ni\u00f1ez y Familia, en cabeza de Pablo de la Torre.<\/p>\n<p>Por ahora, la medida es presentada como un \u201ccambio de paradigma\u201d centrado en eliminar la intermediaci\u00f3n de los movimientos sociales.<\/p>\n<p>En concreto en el gobierno apuntan a las Unidades de Gesti\u00f3n, que interven\u00edan en la coordinaci\u00f3n y administraci\u00f3n de las prestaciones y proyectos del Potenciar.<\/p>\n<p>Esas iniciativas eran operativizadas por cooperativas vinculadas a los movimientos sociales, que entre otros roles fiscalizaban el cumplimiento de los trabajos.<\/p>\n<p>En el gobierno dejan trascender que eliminar esa intermediaci\u00f3n har\u00e1 que las personas puedan realizar sus proyectos sin presiones y abaratar\u00e1 el costo del sistema, que podr\u00e1 volcar m\u00e1s recursos a la asistencia directa.<\/p>\n<p>Para el gobierno libertario, que absorbi\u00f3 a Desarrollo Social como secretar\u00eda bajo la \u00f3rbita del Ministerio de Capital Humano a cargo de Sandra Pettovello, el plan evidenci\u00f3 serias falencias. \u201cEn cuatro a\u00f1os solo 1,3% de beneficiarios lograron salir del plan por haber conseguido trabajo. El resto de las bajas fueron por incompatibilidades o tope de edad, pero nada m\u00e1s\u201d, detallaron, de acuerdo a informaci\u00f3n publicada por el diario La Naci\u00f3n<strong>(VW)<\/strong>.<\/p>\n<p>&nbsp;<\/p>\n","protected":false},"excerpt":{"rendered":"<p>Afirma que es para eliminar intermediarios, sobre todo de organizaciones sociales. Milei celebr\u00f3 que se termina con un \u00abcurro\u00bb. Los beneficiarios ser\u00e1n repartidos en dos nuevos programas.<\/p>\n","protected":false},"author":3,"featured_media":9009,"comment_status":"closed","ping_status":"closed","sticky":false,"template":"","format":"standard","meta":{"_monsterinsights_skip_tracking":false,"_monsterinsights_sitenote_active":false,"_monsterinsights_sitenote_note":"","_monsterinsights_sitenote_category":0,"footnotes":""},"categories":[3],"tags":[851,5317,4463,1226],"class_list":["post-13752","post","type-post","status-publish","format-standard","has-post-thumbnail","hentry","category-actualidad","tag-cooperativas","tag-eliminacion","tag-nuevo","tag-potenciar"],"_links":{"self":[{"href":"https:\/\/www.visionweb.com.ar\/index.php?rest_route=\/wp\/v2\/posts\/13752","targetHints":{"allow":["GET"]}}],"collection":[{"href":"https:\/\/www.visionweb.com.ar\/index.php?rest_route=\/wp\/v2\/posts"}],"about":[{"href":"https:\/\/www.visionweb.com.ar\/index.php?rest_route=\/wp\/v2\/types\/post"}],"author":[{"embeddable":true,"href":"https:\/\/www.visionweb.com.ar\/index.php?rest_route=\/wp\/v2\/users\/3"}],"replies":[{"embeddable":true,"href":"https:\/\/www.visionweb.com.ar\/index.php?rest_route=%2Fwp%2Fv2%2Fcomments&post=13752"}],"version-history":[{"count":1,"href":"https:\/\/www.visionweb.com.ar\/index.php?rest_route=\/wp\/v2\/posts\/13752\/revisions"}],"predecessor-version":[{"id":13753,"href":"https:\/\/www.visionweb.com.ar\/index.php?rest_route=\/wp\/v2\/posts\/13752\/revisions\/13753"}],"wp:featuredmedia":[{"embeddable":true,"href":"https:\/\/www.visionweb.com.ar\/index.php?rest_route=\/wp\/v2\/media\/9009"}],"wp:attachment":[{"href":"https:\/\/www.visionweb.com.ar\/index.php?rest_route=%2Fwp%2Fv2%2Fmedia&parent=13752"}],"wp:term":[{"taxonomy":"category","embeddable":true,"href":"https:\/\/www.visionweb.com.ar\/index.php?rest_route=%2Fwp%2Fv2%2Fcategories&post=13752"},{"taxonomy":"post_tag","embeddable":true,"href":"https:\/\/www.visionweb.com.ar\/index.php?rest_route=%2Fwp%2Fv2%2Ftags&post=13752"}],"curies":[{"name":"wp","href":"https:\/\/api.w.org\/{rel}","templated":true}]}}