{"id":13750,"date":"2024-02-27T14:38:16","date_gmt":"2024-02-27T17:38:16","guid":{"rendered":"https:\/\/www.visionweb.com.ar\/?p=13750"},"modified":"2024-02-27T14:38:16","modified_gmt":"2024-02-27T17:38:16","slug":"los-aeronauticos-confirmaron-el-paro-de-manana-de-24-horas","status":"publish","type":"post","link":"https:\/\/www.visionweb.com.ar\/?p=13750","title":{"rendered":"Los aeron\u00e1uticos confirmaron el paro de ma\u00f1ana de 24 horas"},"content":{"rendered":"<p><strong><em>Los gremios rechazaron el aumento salarial del 12% que ofrecieron las empresas. Las compa\u00f1\u00edas ofrecen a los usuarios cambios de fecha sin costo.<\/em> Desde Aerol\u00edneas <em>esperan que el di\u00e1logo entre las partes pueda desactivar la medida.<\/em><em>\u00a0<\/em><\/strong><!--more--><\/p>\n<p><img loading=\"lazy\" decoding=\"async\" class=\"size-full wp-image-3883 alignright\" src=\"https:\/\/www.visionweb.com.ar\/wp-content\/uploads\/2021\/12\/AVION-EL-SOL.bmp\" alt=\"\" width=\"390\" height=\"246\" \/>\u00a0 <strong>L<\/strong>os<strong> sindicatos aeron\u00e1uticos<\/strong>\u00a0Asociaci\u00f3n del Personal Aeron\u00e1utico (APA), Asociaci\u00f3n Pilotos de L\u00edneas A\u00e9reas (APLA) y la Uni\u00f3n del Personal Superior y Profesional de Empresas Aerocomerciales (UPSA)\u00a0<strong>confirmaron la realizaci\u00f3n de un paro para ma\u00f1ana mi\u00e9rcoles por 24 horas<\/strong>, en reclamo de una\u00a0<strong>recomposici\u00f3n salarial superior al 12%<\/strong>\u00a0ofrecido por las empresas del sector.<\/p>\n<p>Seg\u00fan los gremios,\u00a0<strong>\u201cla pauta ofrecida s\u00f3lo profundiza la p\u00e9rdida de poder adquisitivo registrada en el actual periodo paritario\u201d\u00a0<\/strong>y<strong>\u00a0llevar\u00eda \u201ca un desfasaje salarial insostenible del 70 por ciento respecto a la inflaci\u00f3n registrada\u201d<\/strong>.<\/p>\n<p>Los detalles de la medida de fuerza, que en principio afectar\u00e1 los vuelos durante toda la jornada, ser\u00e1n brindados este martes en una\u00a0<strong>conferencia de prensa<\/strong>\u00a0que los gremios brindar\u00e1n\u00a0<strong>a partir de las 17 en la sede de APLA<\/strong>, ubicada en la calle Lezica 4031 del barrio porte\u00f1o de Almagro.<\/p>\n<p><strong>\u201cP\u00e9rdida del poder adquisitivo\u201d:<\/strong><\/p>\n<p>\u201cDada la\u00a0<strong>intransigencia\u00a0<\/strong>adoptada por Aerol\u00edneas Argentinas e Intercargo, los sindicatos aeron\u00e1uticos APA, APLA y UPSA comunicamos que, por causas ajenas a nuestra voluntad,\u00a0<strong>nos vemos obligados a declarar paro total de actividades por 24 horas\u201d<\/strong>, manifestaron los gremios en un comunicado conjunto.<\/p>\n<p>La medida de fuerza fue anunciada luego de que las empresas Aerol\u00edneas Argentinas e Intercargo ofrecieran a los trabajadores una recomposici\u00f3n salarial del 12% para los haberes de marzo.<\/p>\n<p>Los trabajadores se\u00f1alaron que el anuncio de la medida de fuerza que arrancar\u00eda esta medianoche fue realizado con antelaci\u00f3n para permitir a las empresas \u201ctomar los\u00a0<strong>recaudos necesarios<\/strong>\u201d para no afectar a los usuarios.<\/p>\n<p>En ese sentido,<strong>\u00a0trasladaron a las autoridades la responsabilidad por \u201clos inconvenientes que pudieran surgir\u201d.<\/strong><\/p>\n<p><strong>Las compa\u00f1\u00edas:<\/strong><\/p>\n<p>En\u00a0<strong>Jetsmart\u00a0<\/strong>advirtieron mediante un comunicado sobre la posibilidad de que los vuelos se vean afectados y ofrecen a los pasajeros la alternativa de cambios de fecha sin costo.<\/p>\n<p>En\u00a0<strong>Aerol\u00edneas Argentinas<\/strong>, fuentes de la compa\u00f1\u00eda indicaron a la agencia estatal T\u00e9lam que no hay una decisi\u00f3n tomada al respecto y a\u00fan esperan que el di\u00e1logo entre las partes pueda desactivar la medida.<\/p>\n<p><strong>Flybondi\u00a0<\/strong>tambi\u00e9n advirti\u00f3 sobre la posibilidad de que sus vuelos se vean afectados y proponen cambios de fecha sin cargo, aunque en este caso las low cost poseen servicio de rampa propio en Ezeiza y en algunos aeropuertos del interior, por lo que algunos servicios podr\u00edan prestarse con normalidad a pesar de la medida de fuerza.<\/p>\n<p>Desde\u00a0<strong>Latam<\/strong>, en tanto, informaron a trav\u00e9s de un comunicado sobre probables complicaciones en sus vuelos internacionales, y pusieron a disposici\u00f3n la posibilidad de realizar cambios de fecha sin cargo.<\/p>\n<p>Todas las compa\u00f1\u00edas piden que los pasajeros consulten sobre sus vuelos en las p\u00e1ginas web de las empresas. <strong>(VW)<\/strong><\/p>\n","protected":false},"excerpt":{"rendered":"<p>Los gremios rechazaron el aumento salarial del 12% que ofrecieron las empresas. Las compa\u00f1\u00edas ofrecen a los usuarios cambios de fecha sin costo. Desde Aerol\u00edneas esperan que el di\u00e1logo entre las partes pueda desactivar&#46;&#46;&#46;<\/p>\n","protected":false},"author":4,"featured_media":3883,"comment_status":"closed","ping_status":"closed","sticky":false,"template":"","format":"standard","meta":{"_monsterinsights_skip_tracking":false,"_monsterinsights_sitenote_active":false,"_monsterinsights_sitenote_note":"","_monsterinsights_sitenote_category":0,"footnotes":""},"categories":[8,4],"tags":[3228,5742,5743,5741,5744],"class_list":["post-13750","post","type-post","status-publish","format-standard","has-post-thumbnail","hentry","category-interes-general","category-politica","tag-aerolineas-argentinas","tag-apa","tag-apla","tag-paro-de-aeronauticos","tag-upsa"],"_links":{"self":[{"href":"https:\/\/www.visionweb.com.ar\/index.php?rest_route=\/wp\/v2\/posts\/13750","targetHints":{"allow":["GET"]}}],"collection":[{"href":"https:\/\/www.visionweb.com.ar\/index.php?rest_route=\/wp\/v2\/posts"}],"about":[{"href":"https:\/\/www.visionweb.com.ar\/index.php?rest_route=\/wp\/v2\/types\/post"}],"author":[{"embeddable":true,"href":"https:\/\/www.visionweb.com.ar\/index.php?rest_route=\/wp\/v2\/users\/4"}],"replies":[{"embeddable":true,"href":"https:\/\/www.visionweb.com.ar\/index.php?rest_route=%2Fwp%2Fv2%2Fcomments&post=13750"}],"version-history":[{"count":1,"href":"https:\/\/www.visionweb.com.ar\/index.php?rest_route=\/wp\/v2\/posts\/13750\/revisions"}],"predecessor-version":[{"id":13751,"href":"https:\/\/www.visionweb.com.ar\/index.php?rest_route=\/wp\/v2\/posts\/13750\/revisions\/13751"}],"wp:featuredmedia":[{"embeddable":true,"href":"https:\/\/www.visionweb.com.ar\/index.php?rest_route=\/wp\/v2\/media\/3883"}],"wp:attachment":[{"href":"https:\/\/www.visionweb.com.ar\/index.php?rest_route=%2Fwp%2Fv2%2Fmedia&parent=13750"}],"wp:term":[{"taxonomy":"category","embeddable":true,"href":"https:\/\/www.visionweb.com.ar\/index.php?rest_route=%2Fwp%2Fv2%2Fcategories&post=13750"},{"taxonomy":"post_tag","embeddable":true,"href":"https:\/\/www.visionweb.com.ar\/index.php?rest_route=%2Fwp%2Fv2%2Ftags&post=13750"}],"curies":[{"name":"wp","href":"https:\/\/api.w.org\/{rel}","templated":true}]}}