{"id":13696,"date":"2024-02-23T10:30:57","date_gmt":"2024-02-23T13:30:57","guid":{"rendered":"https:\/\/www.visionweb.com.ar\/?p=13696"},"modified":"2024-02-23T10:30:57","modified_gmt":"2024-02-23T13:30:57","slug":"actividades-en-el-cck-para-este-fin-de-semana","status":"publish","type":"post","link":"https:\/\/www.visionweb.com.ar\/?p=13696","title":{"rendered":"Actividades en el CCK para este fin de semana"},"content":{"rendered":"<p><em><strong>Las propuestas del Centro Cultura comienzan hoy con la presentaci\u00f3n de la Orquesta Sinf\u00f3nica Nacional, tambi\u00e9n habr\u00e1 cine nacional, y jams para los fan\u00e1ticos de las artes visuales y la escritura.<\/strong><\/em><!--more--><\/p>\n<p><img loading=\"lazy\" decoding=\"async\" class=\"size-medium wp-image-13697 alignright\" src=\"https:\/\/www.visionweb.com.ar\/wp-content\/uploads\/2024\/02\/orquesta-cck-300x188.png\" alt=\"\" width=\"300\" height=\"188\" srcset=\"https:\/\/www.visionweb.com.ar\/wp-content\/uploads\/2024\/02\/orquesta-cck-300x188.png 300w, https:\/\/www.visionweb.com.ar\/wp-content\/uploads\/2024\/02\/orquesta-cck.png 518w\" sizes=\"auto, (max-width: 300px) 100vw, 300px\" \/>\u00a0<strong>E<\/strong>l<strong>\u00a0Centro Cultural Kirchner (CCK) ofrecer\u00e1 m\u00fasica en vivo, cine y jams de visuales y de escritura epistolar<\/strong>, durante este fin de semana, e incluye la presentaci\u00f3n de una <strong>gala l\u00edrica con la Orquesta Sinf\u00f3nica Nacional y el Coro Polif\u00f3nico Nacional<\/strong> en la apertura de la temporada 2024 del Auditorio Nacional, \u201cAmor en la \u00f3pera\u201d.<\/p>\n<p><strong>Amor en la \u00d3pera:<\/strong><\/p>\n<p>Hoy viernes 23 de febrero a las 20:00hs: La<strong>\u00a0Orquesta Sinf\u00f3nica Nacional\u00a0<\/strong>y el\u00a0<strong>Coro Polif\u00f3nico Nacional<\/strong>\u00a0realizar\u00e1n el primer concierto de la temporada 2024 en el Auditorio Nacional. Bajo la direcci\u00f3n de\u00a0<strong>Carlos Vieu<\/strong>, y con solistas de renombre, los organismos ofrecen Amor en la \u00d3pera, una gala l\u00edrica con piezas de\u00a0<strong>Bizet, Tchakovsky, Puccini, Verdi y Wagner<\/strong>.<\/p>\n<p>Es gratis. Las entradas se entregan en la boleter\u00eda hasta dos horas antes del comienzo del espect\u00e1culo. El programa completo en\u00a0<a href=\"https:\/\/www.cck.gob.ar\/events\/amor-en-la-opera-gala-lirica-con-la-orquesta-sinfonica-nacional-y-el-coro-polifonico-nacional\/\">este link<\/a>.<\/p>\n<p><strong>En el rev\u00e9s del cielo: Jam de visuales en vivo:<\/strong><\/p>\n<p>Hasta el s\u00e1bado 24 de febrero. Con motivo del mes de los enamorados y en el marco del ciclo Coraz\u00f3n iluminado, la jam invita a disfrutar de visuales y m\u00fasica en vivo en la Sala Inmersiva del CCK. Este viernes: Visuales de VJ Choque y musicalizaci\u00f3nde DJ Sista. S\u00e1bado: Visuales de VJ Mario y musicalizaci\u00f3n de DJ Sista Entrada gratis por orden de llegada.<\/p>\n<p><strong>Jams de escritura epistolar: <\/strong><\/p>\n<p><strong>La literatura es una carta de amor no enviada. <\/strong>S\u00e1bado 24 de febrero, a las 17:00hs. Proponen una experiencia literaria en el Territorio Postal del CCK. All\u00ed los lectores podr\u00e1n presenciar el trabajo de escritura de autores en tiempo real. Tambi\u00e9n como parte del ciclo Coraz\u00f3n iluminado, la tem\u00e1tica ser\u00e1 el amor correspondido y no correspondido, y la <strong>invitaci\u00f3n ser\u00e1 a escribir cartas de amor no enviadas<\/strong>.<\/p>\n<p>Escriben en vivo\u00a0<strong>Luis Mey\u00a0<\/strong>y<strong>\u00a0Mercedes Romero Russo<\/strong>, acompa\u00f1ados de las ilustraciones de\u00a0<strong>Sibel H.\u00a0<\/strong>y<strong>\u00a0Pinocchio<\/strong>\u00a0y la musicalizaci\u00f3n de\u00a0<strong>Armando<\/strong>. Modera:\u00a0<strong>Haidu Kowski<\/strong>.<\/p>\n<p><strong>Cine en la Explanada: <\/strong><\/p>\n<p><strong>Relatos Salvajes<\/strong>. Ser\u00e1 el 24 de febrero a las 20:30hs: Siempre es momento para un cl\u00e1sico y en esta segunda fecha del ciclo Cine en la Explanada se proyectar\u00e1 Relatos Salvajes al aire libre. El film de 2014, dirigido por Dami\u00e1n Szifr\u00f3n, incluye drama y comedia y es imperdible.<\/p>\n<p><strong>Una obra para m\u00ed:<\/strong><\/p>\n<p><strong>S\u00e1bado 24 y domingo 25 de febrero:\u00a0<\/strong><em>Una obra para m\u00ed\u00a0<\/em>de Sebasti\u00e1n Su\u00f1\u00e9: Es la teatralizaci\u00f3n del proceso de escritura y la narraci\u00f3n de la historia de amor entre \u00c9L y YO. Oscila entre la comedia y el drama, el deseo y la cr\u00edtica social. Recomendada para mayores de 18 a\u00f1os. <strong>(VW)<\/strong><\/p>\n","protected":false},"excerpt":{"rendered":"<p>Las propuestas del Centro Cultura comienzan hoy con la presentaci\u00f3n de la Orquesta Sinf\u00f3nica Nacional, tambi\u00e9n habr\u00e1 cine nacional, y jams para los fan\u00e1ticos de las artes visuales y la escritura.<\/p>\n","protected":false},"author":4,"featured_media":13697,"comment_status":"closed","ping_status":"closed","sticky":false,"template":"","format":"standard","meta":{"_monsterinsights_skip_tracking":false,"_monsterinsights_sitenote_active":false,"_monsterinsights_sitenote_note":"","_monsterinsights_sitenote_category":0,"footnotes":""},"categories":[8],"tags":[5717,5716,5718],"class_list":["post-13696","post","type-post","status-publish","format-standard","has-post-thumbnail","hentry","category-interes-general","tag-actividades-fin-de-semana","tag-centro-cultural-cck","tag-orquesta-sinfonica-nacional"],"_links":{"self":[{"href":"https:\/\/www.visionweb.com.ar\/index.php?rest_route=\/wp\/v2\/posts\/13696","targetHints":{"allow":["GET"]}}],"collection":[{"href":"https:\/\/www.visionweb.com.ar\/index.php?rest_route=\/wp\/v2\/posts"}],"about":[{"href":"https:\/\/www.visionweb.com.ar\/index.php?rest_route=\/wp\/v2\/types\/post"}],"author":[{"embeddable":true,"href":"https:\/\/www.visionweb.com.ar\/index.php?rest_route=\/wp\/v2\/users\/4"}],"replies":[{"embeddable":true,"href":"https:\/\/www.visionweb.com.ar\/index.php?rest_route=%2Fwp%2Fv2%2Fcomments&post=13696"}],"version-history":[{"count":1,"href":"https:\/\/www.visionweb.com.ar\/index.php?rest_route=\/wp\/v2\/posts\/13696\/revisions"}],"predecessor-version":[{"id":13698,"href":"https:\/\/www.visionweb.com.ar\/index.php?rest_route=\/wp\/v2\/posts\/13696\/revisions\/13698"}],"wp:featuredmedia":[{"embeddable":true,"href":"https:\/\/www.visionweb.com.ar\/index.php?rest_route=\/wp\/v2\/media\/13697"}],"wp:attachment":[{"href":"https:\/\/www.visionweb.com.ar\/index.php?rest_route=%2Fwp%2Fv2%2Fmedia&parent=13696"}],"wp:term":[{"taxonomy":"category","embeddable":true,"href":"https:\/\/www.visionweb.com.ar\/index.php?rest_route=%2Fwp%2Fv2%2Fcategories&post=13696"},{"taxonomy":"post_tag","embeddable":true,"href":"https:\/\/www.visionweb.com.ar\/index.php?rest_route=%2Fwp%2Fv2%2Ftags&post=13696"}],"curies":[{"name":"wp","href":"https:\/\/api.w.org\/{rel}","templated":true}]}}