{"id":13695,"date":"2024-02-23T12:14:57","date_gmt":"2024-02-23T15:14:57","guid":{"rendered":"https:\/\/www.visionweb.com.ar\/?p=13695"},"modified":"2024-02-23T12:18:52","modified_gmt":"2024-02-23T15:18:52","slug":"seguridad-en-lanus-jxc-reclama-mas-patrullaje-y-mayor-prevencion-del-delito","status":"publish","type":"post","link":"https:\/\/www.visionweb.com.ar\/?p=13695","title":{"rendered":"Seguridad en Lan\u00fas: JxC reclama m\u00e1s patrullaje y mayor prevenci\u00f3n"},"content":{"rendered":"<p><strong><em>El bloque opositor, por medio de una carta abierta dirigida a los vecinos del municipio, advirtieron sobre los niveles de inseguridad que sufre el partido y criticaron la gesti\u00f3n del nuevo intendente Juli\u00e1n \u00c1lvarez.<\/em><\/strong><!--more--><\/p>\n<div id=\"attachment_13702\" style=\"width: 310px\" class=\"wp-caption alignright\"><img loading=\"lazy\" decoding=\"async\" aria-describedby=\"caption-attachment-13702\" class=\"wp-image-13702 size-medium\" src=\"https:\/\/www.visionweb.com.ar\/wp-content\/uploads\/2024\/02\/CONCEJAL-RECALDE-300x183.png\" alt=\"\" width=\"300\" height=\"183\" srcset=\"https:\/\/www.visionweb.com.ar\/wp-content\/uploads\/2024\/02\/CONCEJAL-RECALDE-300x183.png 300w, https:\/\/www.visionweb.com.ar\/wp-content\/uploads\/2024\/02\/CONCEJAL-RECALDE.png 654w\" sizes=\"auto, (max-width: 300px) 100vw, 300px\" \/><p id=\"caption-attachment-13702\" class=\"wp-caption-text\"><em><strong>Concejal Silvana Recalde (JxC), imagen\u00a0 (Agencia AUNO)<\/strong><\/em><\/p><\/div>\n<p>El bloque de Concejales de Juntos por el Cambio (JxC), no ocult\u00f3 su preocupaci\u00f3n, en las \u00faltimas horas,\u00a0 por el incremento de los hechos de inseguridad en el distrito por lo que lanz\u00f3 una carta abierta dirigida a los vecinos.<\/p>\n<p>En ese sentido,\u00a0 la concejal\u00a0 JxC de Lan\u00fas, Silvana Recalde, sostuvo que desde su bloque se encuentran \u201cmuy preocupados\u201d por el incremento de los hechos de inseguridad en el distrito.<\/p>\n<p>\u201cLos vecinos nos dicen que\u00a0<strong>hay zonas como liberadas, muchas motos haciendo arrebatos<\/strong>, robando veh\u00edculos\u201d, cont\u00f3 Recalde y manifest\u00f3 que realizaron el escrito por considerar \u201cnecesario\u201d que el intendente local, Juli\u00e1n \u00c1lvarez \u201cen vez de seguir buscando peleas o viendo a Kravetz o a Grindetti en cada rinc\u00f3n del municipio\u201d se dedique a gobernar.<\/p>\n<p>El mensaje de los dirigentes se dio a conocer luego de la decisi\u00f3n del nuevo jefe comunal de despedir a 25 efectivos de Seguridad Ciudadana por el intento de acuartelamiento del pasado 13 de febrero y d\u00edas despu\u00e9s de denunciar el operativo policial montado por el secretario de Seguridad porte\u00f1o, Diego Kravetz, sobre el Puente Ol\u00edmpico del distrito, que limita con la Ciudad Aut\u00f3noma de Buenos Aires.<\/p>\n<p>La dirigente afirm\u00f3 que<strong>\u00a0la nueva gesti\u00f3n municipal \u201cno est\u00e1 haciendo nada\u201d\u00a0<\/strong>y se\u00f1al\u00f3 el que el gobierno de N\u00e9stor Grindetti, cuyo mandato finaliz\u00f3 en diciembre de 2023, dej\u00f3 las plazas \u201cimpecables\u201d y asegur\u00f3 que, en los \u00faltimos tiempos, las mismas se encuentran sin gente y las calles sucias.<\/p>\n<p>\u201cDejamos sueldos para pagar hasta abril, con bonos, con aumento salarial del primer trimestre. O sea,\u00a0<strong>dejamos un municipio ordenado<\/strong>. A partir del 11 de diciembre, ya es responsabilidad del intendente\u201d, a\u00f1adi\u00f3 la presidente del bloque de concejales de Juntos en Lan\u00fas<strong>(VW)<\/strong>.<\/p>\n","protected":false},"excerpt":{"rendered":"<p>El bloque opositor, por medio de una carta abierta dirigida a los vecinos del municipio, advirtieron sobre los niveles de inseguridad que sufre el partido y criticaron la gesti\u00f3n del nuevo intendente Juli\u00e1n \u00c1lvarez.<\/p>\n","protected":false},"author":3,"featured_media":13702,"comment_status":"closed","ping_status":"closed","sticky":false,"template":"","format":"standard","meta":{"_monsterinsights_skip_tracking":false,"_monsterinsights_sitenote_active":false,"_monsterinsights_sitenote_note":"","_monsterinsights_sitenote_category":0,"footnotes":""},"categories":[4],"tags":[5722,5721,240,343],"class_list":["post-13695","post","type-post","status-publish","format-standard","has-post-thumbnail","hentry","category-politica","tag-acuartealmiento","tag-despido","tag-inseguridad","tag-policias"],"_links":{"self":[{"href":"https:\/\/www.visionweb.com.ar\/index.php?rest_route=\/wp\/v2\/posts\/13695","targetHints":{"allow":["GET"]}}],"collection":[{"href":"https:\/\/www.visionweb.com.ar\/index.php?rest_route=\/wp\/v2\/posts"}],"about":[{"href":"https:\/\/www.visionweb.com.ar\/index.php?rest_route=\/wp\/v2\/types\/post"}],"author":[{"embeddable":true,"href":"https:\/\/www.visionweb.com.ar\/index.php?rest_route=\/wp\/v2\/users\/3"}],"replies":[{"embeddable":true,"href":"https:\/\/www.visionweb.com.ar\/index.php?rest_route=%2Fwp%2Fv2%2Fcomments&post=13695"}],"version-history":[{"count":2,"href":"https:\/\/www.visionweb.com.ar\/index.php?rest_route=\/wp\/v2\/posts\/13695\/revisions"}],"predecessor-version":[{"id":13704,"href":"https:\/\/www.visionweb.com.ar\/index.php?rest_route=\/wp\/v2\/posts\/13695\/revisions\/13704"}],"wp:featuredmedia":[{"embeddable":true,"href":"https:\/\/www.visionweb.com.ar\/index.php?rest_route=\/wp\/v2\/media\/13702"}],"wp:attachment":[{"href":"https:\/\/www.visionweb.com.ar\/index.php?rest_route=%2Fwp%2Fv2%2Fmedia&parent=13695"}],"wp:term":[{"taxonomy":"category","embeddable":true,"href":"https:\/\/www.visionweb.com.ar\/index.php?rest_route=%2Fwp%2Fv2%2Fcategories&post=13695"},{"taxonomy":"post_tag","embeddable":true,"href":"https:\/\/www.visionweb.com.ar\/index.php?rest_route=%2Fwp%2Fv2%2Ftags&post=13695"}],"curies":[{"name":"wp","href":"https:\/\/api.w.org\/{rel}","templated":true}]}}