{"id":13692,"date":"2024-02-23T10:08:56","date_gmt":"2024-02-23T13:08:56","guid":{"rendered":"https:\/\/www.visionweb.com.ar\/?p=13692"},"modified":"2024-02-23T10:08:56","modified_gmt":"2024-02-23T13:08:56","slug":"legislatura-bonaerense-el-ano-legislativo-abrira-el-1-de-marzo","status":"publish","type":"post","link":"https:\/\/www.visionweb.com.ar\/?p=13692","title":{"rendered":"Legislatura Bonaerense: El a\u00f1o legislativo abrir\u00e1 el 1 de marzo"},"content":{"rendered":"<p><em><strong>El gobernador Axel Kicillof inaugurar\u00e1 un nuevo a\u00f1o de sesiones ordinarias el pr\u00f3ximo viernes 1 de marzo a las 16 horas.<\/strong><\/em><!--more--><\/p>\n<p><img loading=\"lazy\" decoding=\"async\" class=\"size-medium wp-image-367 alignright\" src=\"https:\/\/www.visionweb.com.ar\/wp-content\/uploads\/2020\/11\/LEGISLATURA-BONAERENSE-300x200.png\" alt=\"\" width=\"300\" height=\"200\" srcset=\"https:\/\/www.visionweb.com.ar\/wp-content\/uploads\/2020\/11\/LEGISLATURA-BONAERENSE-300x200.png 300w, https:\/\/www.visionweb.com.ar\/wp-content\/uploads\/2020\/11\/LEGISLATURA-BONAERENSE.png 640w\" sizes=\"auto, (max-width: 300px) 100vw, 300px\" \/>\u00a0 <strong>E<\/strong>ste viernes 1 de marzo, el mandatario bonaerense<strong> Axel Kicillof<\/strong>, encabezar\u00e1 la tradicional apertura del per\u00edodo de<strong> sesiones ordinarias <\/strong>en la Legislatura.<\/p>\n<p>As\u00ed lo confirm\u00f3 el Presidente de la C\u00e1mara de Diputados de la Provincia de Buenos Aires,\u00a0<strong>Alejandro Dichiara<\/strong>, mediante un posteo en sus redes sociales.<\/p>\n<p>En este sentido, se reuni\u00f3 con su par del Senado, la vicegobernadora\u00a0<strong>Ver\u00f3nica Magario<\/strong>, \u00abpara avanzar con los detalles organizativos y trabajar sobre la agenda parlamentaria 2024\u00bb.<\/p>\n<p>En este marco, se espera que el gobernador repase los ejes de la gesti\u00f3n finalizada en diciembre del 2023 y tambi\u00e9n los de esta segunda etapa, que estar\u00e1n marcados por el rumbo del Gobierno nacional, que en un contexto desfavorable para las provincias, el trayecto ser\u00e1 sinuoso, luego del fracaso de la Ley \u00d3mnibus del presidente Milei.<\/p>\n<p><strong>Qu\u00e9 es la Asamblea Legislativa:<\/strong><\/p>\n<p>Se trata de un paso obligatorio marcado por la Constituci\u00f3n de la Provincia de Buenos Aires, que coincide con la apertura de las sesiones en el Congreso de la Naci\u00f3n, y que consta de una reuni\u00f3n entre los integrantes de las\u00a0<strong>C\u00e1maras de Diputados y Senadores<\/strong>, presidida por quien ocupe el cargo de vicegobernador, en este caso, Ver\u00f3nica Magario.<\/p>\n<p>As\u00ed, <strong>se dar\u00e1 comienzo al 152\u00b0 periodo de sesiones ordinarias<\/strong> y Axel Kicillof, como gobernador de la Provincia, ser\u00e1 la quinta vez que encabezar\u00e1 la apertura.<\/p>\n<p>La cita tendr\u00e1 lugar en el edificio legislativo ubicado en 7 entre 51 y 53 (La Plata). <strong>(VW)<\/strong><\/p>\n<p>&nbsp;<\/p>\n","protected":false},"excerpt":{"rendered":"<p>El gobernador Axel Kicillof inaugurar\u00e1 un nuevo a\u00f1o de sesiones ordinarias el pr\u00f3ximo viernes 1 de marzo a las 16 horas.<\/p>\n","protected":false},"author":4,"featured_media":367,"comment_status":"closed","ping_status":"closed","sticky":false,"template":"","format":"standard","meta":{"_monsterinsights_skip_tracking":false,"_monsterinsights_sitenote_active":false,"_monsterinsights_sitenote_note":"","_monsterinsights_sitenote_category":0,"footnotes":""},"categories":[4],"tags":[5713,5714,167,2240],"class_list":["post-13692","post","type-post","status-publish","format-standard","has-post-thumbnail","hentry","category-politica","tag-ano-legislativo","tag-apertura-sesiones-ordinarias","tag-kicillof","tag-legislatura-bonaerense"],"_links":{"self":[{"href":"https:\/\/www.visionweb.com.ar\/index.php?rest_route=\/wp\/v2\/posts\/13692","targetHints":{"allow":["GET"]}}],"collection":[{"href":"https:\/\/www.visionweb.com.ar\/index.php?rest_route=\/wp\/v2\/posts"}],"about":[{"href":"https:\/\/www.visionweb.com.ar\/index.php?rest_route=\/wp\/v2\/types\/post"}],"author":[{"embeddable":true,"href":"https:\/\/www.visionweb.com.ar\/index.php?rest_route=\/wp\/v2\/users\/4"}],"replies":[{"embeddable":true,"href":"https:\/\/www.visionweb.com.ar\/index.php?rest_route=%2Fwp%2Fv2%2Fcomments&post=13692"}],"version-history":[{"count":1,"href":"https:\/\/www.visionweb.com.ar\/index.php?rest_route=\/wp\/v2\/posts\/13692\/revisions"}],"predecessor-version":[{"id":13693,"href":"https:\/\/www.visionweb.com.ar\/index.php?rest_route=\/wp\/v2\/posts\/13692\/revisions\/13693"}],"wp:featuredmedia":[{"embeddable":true,"href":"https:\/\/www.visionweb.com.ar\/index.php?rest_route=\/wp\/v2\/media\/367"}],"wp:attachment":[{"href":"https:\/\/www.visionweb.com.ar\/index.php?rest_route=%2Fwp%2Fv2%2Fmedia&parent=13692"}],"wp:term":[{"taxonomy":"category","embeddable":true,"href":"https:\/\/www.visionweb.com.ar\/index.php?rest_route=%2Fwp%2Fv2%2Fcategories&post=13692"},{"taxonomy":"post_tag","embeddable":true,"href":"https:\/\/www.visionweb.com.ar\/index.php?rest_route=%2Fwp%2Fv2%2Ftags&post=13692"}],"curies":[{"name":"wp","href":"https:\/\/api.w.org\/{rel}","templated":true}]}}